{"id":11378,"date":"2020-06-23T14:56:00","date_gmt":"2020-06-23T14:56:00","guid":{"rendered":"https:\/\/www.vesamgroup.com\/reabilitacao-edificio-praca-da-alegria-nova-obra\/"},"modified":"2021-10-26T13:30:27","modified_gmt":"2021-10-26T13:30:27","slug":"rehabilitation-of-praca-da-alegria-building-lisbon","status":"publish","type":"post","link":"https:\/\/www.vesamgroup.com\/en\/rehabilitation-of-praca-da-alegria-building-lisbon\/","title":{"rendered":"Rehabilitation of &#8220;Pra\u00e7a da Alegria&#8221; Building &#8211; Lisbon"},"content":{"rendered":"\t\t<div data-elementor-type=\"wp-post\" data-elementor-id=\"11378\" class=\"elementor elementor-11378\">\n\t\t\t\t\t\t\t\t\t<section class=\"elementor-section elementor-top-section elementor-element elementor-element-c5005d4 elementor-section-full_width elementor-section-height-default elementor-section-height-default qodef-elementor-content-no\" data-id=\"c5005d4\" data-element_type=\"section\">\n\t\t\t\t\t\t<div class=\"elementor-container elementor-column-gap-default\">\n\t\t\t\t\t<div class=\"elementor-column elementor-col-100 elementor-top-column elementor-element elementor-element-a477b09\" data-id=\"a477b09\" data-element_type=\"column\">\n\t\t\t<div class=\"elementor-widget-wrap elementor-element-populated\">\n\t\t\t\t\t\t\t\t<div class=\"elementor-element elementor-element-f0c13ce elementor-widget elementor-widget-text-editor\" data-id=\"f0c13ce\" data-element_type=\"widget\" data-widget_type=\"text-editor.default\">\n\t\t\t\t<div class=\"elementor-widget-container\">\n\t\t\t\t\t\t\t<blockquote><p><strong>Pra\u00e7a da Alegria Building, Lisbon<\/strong><\/p><\/blockquote>\t\t\t\t\t\t<\/div>\n\t\t\t\t<\/div>\n\t\t\t\t<div class=\"elementor-element elementor-element-34bd79c elementor-widget elementor-widget-text-editor\" data-id=\"34bd79c\" data-element_type=\"widget\" data-widget_type=\"text-editor.default\">\n\t\t\t\t<div class=\"elementor-widget-container\">\n\t\t\t\t\t\t\t<p>This work consisted of the supply and erection of the steel structure for the rehabilitation of a building in Pra\u00e7a da Alegria, Lisbon. The existing building had 3 floors and the roof of the ground floor had arches, vaults and resistant walls that support the slab of the 1st floor. In addition to the rehabilitation of the old floors, 2 more floors and a roof and a staircase connecting the new floors were built.<\/p>\t\t\t\t\t\t<\/div>\n\t\t\t\t<\/div>\n\t\t\t\t\t<\/div>\n\t\t<\/div>\n\t\t\t\t\t\t\t<\/div>\n\t\t<\/section>\n\t\t\t\t<section class=\"elementor-section elementor-top-section elementor-element elementor-element-f44e5c7 elementor-section-boxed elementor-section-height-default elementor-section-height-default qodef-elementor-content-no\" data-id=\"f44e5c7\" data-element_type=\"section\">\n\t\t\t\t\t\t<div class=\"elementor-container elementor-column-gap-default\">\n\t\t\t\t\t<div class=\"elementor-column elementor-col-25 elementor-top-column elementor-element elementor-element-6cfc106\" data-id=\"6cfc106\" data-element_type=\"column\">\n\t\t\t<div class=\"elementor-widget-wrap elementor-element-populated\">\n\t\t\t\t\t\t\t\t<div class=\"elementor-element elementor-element-d3ca7b8 elementor-widget elementor-widget-image\" data-id=\"d3ca7b8\" data-element_type=\"widget\" data-widget_type=\"image.default\">\n\t\t\t\t<div class=\"elementor-widget-container\">\n\t\t\t\t\t\t\t\t\t\t\t\t\t\t\t<img decoding=\"async\" loading=\"lazy\" width=\"1024\" height=\"1024\" src=\"https:\/\/www.vesamgroup.com\/wp-content\/uploads\/2021\/06\/5-1024x1024.png\" class=\"attachment-large size-large wp-image-10405\" alt=\"\" srcset=\"https:\/\/www.vesamgroup.com\/wp-content\/uploads\/2021\/06\/5-1024x1024.png 1024w, https:\/\/www.vesamgroup.com\/wp-content\/uploads\/2021\/06\/5-300x300.png 300w, https:\/\/www.vesamgroup.com\/wp-content\/uploads\/2021\/06\/5-150x150.png 150w, https:\/\/www.vesamgroup.com\/wp-content\/uploads\/2021\/06\/5-768x768.png 768w, https:\/\/www.vesamgroup.com\/wp-content\/uploads\/2021\/06\/5-650x650.png 650w, https:\/\/www.vesamgroup.com\/wp-content\/uploads\/2021\/06\/5-82x82.png 82w, https:\/\/www.vesamgroup.com\/wp-content\/uploads\/2021\/06\/5.png 1080w\" sizes=\"(max-width: 1024px) 100vw, 1024px\" \/>\t\t\t\t\t\t\t\t\t\t\t\t\t\t\t<\/div>\n\t\t\t\t<\/div>\n\t\t\t\t\t<\/div>\n\t\t<\/div>\n\t\t\t\t<div class=\"elementor-column elementor-col-25 elementor-top-column elementor-element elementor-element-b463065\" data-id=\"b463065\" data-element_type=\"column\">\n\t\t\t<div class=\"elementor-widget-wrap elementor-element-populated\">\n\t\t\t\t\t\t\t\t<div class=\"elementor-element elementor-element-9edb89c elementor-widget elementor-widget-image\" data-id=\"9edb89c\" data-element_type=\"widget\" data-widget_type=\"image.default\">\n\t\t\t\t<div class=\"elementor-widget-container\">\n\t\t\t\t\t\t\t\t\t\t\t\t\t\t\t<img decoding=\"async\" loading=\"lazy\" width=\"1024\" height=\"1024\" src=\"https:\/\/www.vesamgroup.com\/wp-content\/uploads\/2021\/06\/3-1024x1024.png\" class=\"attachment-large size-large wp-image-10399\" alt=\"\" srcset=\"https:\/\/www.vesamgroup.com\/wp-content\/uploads\/2021\/06\/3-1024x1024.png 1024w, https:\/\/www.vesamgroup.com\/wp-content\/uploads\/2021\/06\/3-300x300.png 300w, https:\/\/www.vesamgroup.com\/wp-content\/uploads\/2021\/06\/3-150x150.png 150w, https:\/\/www.vesamgroup.com\/wp-content\/uploads\/2021\/06\/3-768x768.png 768w, https:\/\/www.vesamgroup.com\/wp-content\/uploads\/2021\/06\/3-650x650.png 650w, https:\/\/www.vesamgroup.com\/wp-content\/uploads\/2021\/06\/3-82x82.png 82w, https:\/\/www.vesamgroup.com\/wp-content\/uploads\/2021\/06\/3.png 1080w\" sizes=\"(max-width: 1024px) 100vw, 1024px\" \/>\t\t\t\t\t\t\t\t\t\t\t\t\t\t\t<\/div>\n\t\t\t\t<\/div>\n\t\t\t\t\t<\/div>\n\t\t<\/div>\n\t\t\t\t<div class=\"elementor-column elementor-col-25 elementor-top-column elementor-element elementor-element-d75b981\" data-id=\"d75b981\" data-element_type=\"column\">\n\t\t\t<div class=\"elementor-widget-wrap elementor-element-populated\">\n\t\t\t\t\t\t\t\t<div class=\"elementor-element elementor-element-283e548 elementor-widget elementor-widget-image\" data-id=\"283e548\" data-element_type=\"widget\" data-widget_type=\"image.default\">\n\t\t\t\t<div class=\"elementor-widget-container\">\n\t\t\t\t\t\t\t\t\t\t\t\t\t\t\t<img decoding=\"async\" loading=\"lazy\" width=\"1024\" height=\"1024\" src=\"https:\/\/www.vesamgroup.com\/wp-content\/uploads\/2021\/06\/2-1024x1024.png\" class=\"attachment-large size-large wp-image-10396\" alt=\"\" srcset=\"https:\/\/www.vesamgroup.com\/wp-content\/uploads\/2021\/06\/2-1024x1024.png 1024w, https:\/\/www.vesamgroup.com\/wp-content\/uploads\/2021\/06\/2-300x300.png 300w, https:\/\/www.vesamgroup.com\/wp-content\/uploads\/2021\/06\/2-150x150.png 150w, https:\/\/www.vesamgroup.com\/wp-content\/uploads\/2021\/06\/2-768x768.png 768w, https:\/\/www.vesamgroup.com\/wp-content\/uploads\/2021\/06\/2-650x650.png 650w, https:\/\/www.vesamgroup.com\/wp-content\/uploads\/2021\/06\/2-82x82.png 82w, https:\/\/www.vesamgroup.com\/wp-content\/uploads\/2021\/06\/2.png 1080w\" sizes=\"(max-width: 1024px) 100vw, 1024px\" \/>\t\t\t\t\t\t\t\t\t\t\t\t\t\t\t<\/div>\n\t\t\t\t<\/div>\n\t\t\t\t\t<\/div>\n\t\t<\/div>\n\t\t\t\t<div class=\"elementor-column elementor-col-25 elementor-top-column elementor-element elementor-element-c0e6434\" data-id=\"c0e6434\" data-element_type=\"column\">\n\t\t\t<div class=\"elementor-widget-wrap elementor-element-populated\">\n\t\t\t\t\t\t\t\t<div class=\"elementor-element elementor-element-4156b29 elementor-widget elementor-widget-image\" data-id=\"4156b29\" data-element_type=\"widget\" data-widget_type=\"image.default\">\n\t\t\t\t<div class=\"elementor-widget-container\">\n\t\t\t\t\t\t\t\t\t\t\t\t\t\t\t<img decoding=\"async\" loading=\"lazy\" width=\"1024\" height=\"1024\" src=\"https:\/\/www.vesamgroup.com\/wp-content\/uploads\/2021\/06\/Design-sem-nome-1-1024x1024.png\" class=\"attachment-large size-large wp-image-10411\" alt=\"\" srcset=\"https:\/\/www.vesamgroup.com\/wp-content\/uploads\/2021\/06\/Design-sem-nome-1-1024x1024.png 1024w, https:\/\/www.vesamgroup.com\/wp-content\/uploads\/2021\/06\/Design-sem-nome-1-300x300.png 300w, https:\/\/www.vesamgroup.com\/wp-content\/uploads\/2021\/06\/Design-sem-nome-1-150x150.png 150w, https:\/\/www.vesamgroup.com\/wp-content\/uploads\/2021\/06\/Design-sem-nome-1-768x768.png 768w, https:\/\/www.vesamgroup.com\/wp-content\/uploads\/2021\/06\/Design-sem-nome-1-650x650.png 650w, https:\/\/www.vesamgroup.com\/wp-content\/uploads\/2021\/06\/Design-sem-nome-1-82x82.png 82w, https:\/\/www.vesamgroup.com\/wp-content\/uploads\/2021\/06\/Design-sem-nome-1.png 1080w\" sizes=\"(max-width: 1024px) 100vw, 1024px\" \/>\t\t\t\t\t\t\t\t\t\t\t\t\t\t\t<\/div>\n\t\t\t\t<\/div>\n\t\t\t\t\t<\/div>\n\t\t<\/div>\n\t\t\t\t\t\t\t<\/div>\n\t\t<\/section>\n\t\t\t\t\t\t\t<\/div>\n\t\t","protected":false},"excerpt":{"rendered":"<p>Steel structure for the rehabilitation of a building in Pra\u00e7a da Alegria, Lisbon.<\/p>\n","protected":false},"author":1,"featured_media":12640,"comment_status":"closed","ping_status":"closed","sticky":false,"template":"","format":"standard","meta":{"footnotes":""},"categories":[87],"tags":[],"yoast_head":"<!-- This site is optimized with the Yoast SEO plugin v21.3 - https:\/\/yoast.com\/wordpress\/plugins\/seo\/ -->\n<title>Rehabilitation of &quot;Pra\u00e7a da Alegria&quot; Building - Lisbon - VESAM<\/title>\n<meta name=\"description\" content=\"This work consisted of the supply and erection of the steel structure for the rehabilitation of a building in Pra\u00e7a da Alegria, Lisbon.\" \/>\n<meta name=\"robots\" content=\"index, follow, max-snippet:-1, max-image-preview:large, max-video-preview:-1\" \/>\n<link rel=\"canonical\" href=\"https:\/\/www.vesamgroup.com\/en\/rehabilitation-of-praca-da-alegria-building-lisbon\/\" \/>\n<meta property=\"og:locale\" content=\"en_US\" \/>\n<meta property=\"og:type\" content=\"article\" \/>\n<meta property=\"og:title\" content=\"Rehabilitation of &quot;Pra\u00e7a da Alegria&quot; Building - Lisbon - VESAM\" \/>\n<meta property=\"og:description\" content=\"This work consisted of the supply and erection of the steel structure for the rehabilitation of a building in Pra\u00e7a da Alegria, Lisbon.\" \/>\n<meta property=\"og:url\" content=\"https:\/\/www.vesamgroup.com\/en\/rehabilitation-of-praca-da-alegria-building-lisbon\/\" \/>\n<meta property=\"og:site_name\" content=\"VESAM\" \/>\n<meta property=\"article:published_time\" content=\"2020-06-23T14:56:00+00:00\" \/>\n<meta property=\"article:modified_time\" content=\"2021-10-26T13:30:27+00:00\" \/>\n<meta property=\"og:image\" content=\"https:\/\/www.vesamgroup.com\/wp-content\/uploads\/2020\/06\/destaque-praca-da-alegria.png\" \/>\n\t<meta property=\"og:image:width\" content=\"2900\" \/>\n\t<meta property=\"og:image:height\" content=\"1800\" \/>\n\t<meta property=\"og:image:type\" content=\"image\/png\" \/>\n<meta name=\"author\" content=\"admin\" \/>\n<meta name=\"twitter:card\" content=\"summary_large_image\" \/>\n<meta name=\"twitter:label1\" content=\"Written by\" \/>\n\t<meta name=\"twitter:data1\" content=\"admin\" \/>\n\t<meta name=\"twitter:label2\" content=\"Est. reading time\" \/>\n\t<meta name=\"twitter:data2\" content=\"2 minutes\" \/>\n<script type=\"application\/ld+json\" class=\"yoast-schema-graph\">{\"@context\":\"https:\/\/schema.org\",\"@graph\":[{\"@type\":\"Article\",\"@id\":\"https:\/\/www.vesamgroup.com\/en\/rehabilitation-of-praca-da-alegria-building-lisbon\/#article\",\"isPartOf\":{\"@id\":\"https:\/\/www.vesamgroup.com\/en\/rehabilitation-of-praca-da-alegria-building-lisbon\/\"},\"author\":{\"name\":\"admin\",\"@id\":\"https:\/\/www.vesamgroup.com\/en\/#\/schema\/person\/df6f1552abe24bf7bcbf11cb0caf969e\"},\"headline\":\"Rehabilitation of &#8220;Pra\u00e7a da Alegria&#8221; Building &#8211; Lisbon\",\"datePublished\":\"2020-06-23T14:56:00+00:00\",\"dateModified\":\"2021-10-26T13:30:27+00:00\",\"mainEntityOfPage\":{\"@id\":\"https:\/\/www.vesamgroup.com\/en\/rehabilitation-of-praca-da-alegria-building-lisbon\/\"},\"wordCount\":120,\"publisher\":{\"@id\":\"https:\/\/www.vesamgroup.com\/en\/#organization\"},\"articleSection\":[\"News\"],\"inLanguage\":\"en-US\"},{\"@type\":\"WebPage\",\"@id\":\"https:\/\/www.vesamgroup.com\/en\/rehabilitation-of-praca-da-alegria-building-lisbon\/\",\"url\":\"https:\/\/www.vesamgroup.com\/en\/rehabilitation-of-praca-da-alegria-building-lisbon\/\",\"name\":\"Rehabilitation of \\\"Pra\u00e7a da Alegria\\\" Building - Lisbon - VESAM\",\"isPartOf\":{\"@id\":\"https:\/\/www.vesamgroup.com\/en\/#website\"},\"datePublished\":\"2020-06-23T14:56:00+00:00\",\"dateModified\":\"2021-10-26T13:30:27+00:00\",\"description\":\"This work consisted of the supply and erection of the steel structure for the rehabilitation of a building in Pra\u00e7a da Alegria, Lisbon.\",\"breadcrumb\":{\"@id\":\"https:\/\/www.vesamgroup.com\/en\/rehabilitation-of-praca-da-alegria-building-lisbon\/#breadcrumb\"},\"inLanguage\":\"en-US\",\"potentialAction\":[{\"@type\":\"ReadAction\",\"target\":[\"https:\/\/www.vesamgroup.com\/en\/rehabilitation-of-praca-da-alegria-building-lisbon\/\"]}]},{\"@type\":\"BreadcrumbList\",\"@id\":\"https:\/\/www.vesamgroup.com\/en\/rehabilitation-of-praca-da-alegria-building-lisbon\/#breadcrumb\",\"itemListElement\":[{\"@type\":\"ListItem\",\"position\":1,\"name\":\"Home\",\"item\":\"https:\/\/www.vesamgroup.com\/en\/\"},{\"@type\":\"ListItem\",\"position\":2,\"name\":\"Rehabilitation of &#8220;Pra\u00e7a da Alegria&#8221; Building &#8211; Lisbon\"}]},{\"@type\":\"WebSite\",\"@id\":\"https:\/\/www.vesamgroup.com\/en\/#website\",\"url\":\"https:\/\/www.vesamgroup.com\/en\/\",\"name\":\"VESAM\",\"description\":\"Pioneiros a criar solu\u00e7\u00f5es integradas e inovadoras em estruturas met\u00e1licas e mistas.\",\"publisher\":{\"@id\":\"https:\/\/www.vesamgroup.com\/en\/#organization\"},\"potentialAction\":[{\"@type\":\"SearchAction\",\"target\":{\"@type\":\"EntryPoint\",\"urlTemplate\":\"https:\/\/www.vesamgroup.com\/en\/?s={search_term_string}\"},\"query-input\":\"required name=search_term_string\"}],\"inLanguage\":\"en-US\"},{\"@type\":\"Organization\",\"@id\":\"https:\/\/www.vesamgroup.com\/en\/#organization\",\"name\":\"Vesam\",\"url\":\"https:\/\/www.vesamgroup.com\/en\/\",\"logo\":{\"@type\":\"ImageObject\",\"inLanguage\":\"en-US\",\"@id\":\"https:\/\/www.vesamgroup.com\/en\/#\/schema\/logo\/image\/\",\"url\":\"https:\/\/www.vesamgroup.com\/wp-content\/uploads\/2021\/04\/VESAM-Logo.png\",\"contentUrl\":\"https:\/\/www.vesamgroup.com\/wp-content\/uploads\/2021\/04\/VESAM-Logo.png\",\"width\":243,\"height\":90,\"caption\":\"Vesam\"},\"image\":{\"@id\":\"https:\/\/www.vesamgroup.com\/en\/#\/schema\/logo\/image\/\"}},{\"@type\":\"Person\",\"@id\":\"https:\/\/www.vesamgroup.com\/en\/#\/schema\/person\/df6f1552abe24bf7bcbf11cb0caf969e\",\"name\":\"admin\",\"sameAs\":[\"https:\/\/www.vesamgroup.com\"]}]}<\/script>\n<!-- \/ Yoast SEO plugin. -->","yoast_head_json":{"title":"Rehabilitation of \"Pra\u00e7a da Alegria\" Building - Lisbon - VESAM","description":"This work consisted of the supply and erection of the steel structure for the rehabilitation of a building in Pra\u00e7a da Alegria, Lisbon.","robots":{"index":"index","follow":"follow","max-snippet":"max-snippet:-1","max-image-preview":"max-image-preview:large","max-video-preview":"max-video-preview:-1"},"canonical":"https:\/\/www.vesamgroup.com\/en\/rehabilitation-of-praca-da-alegria-building-lisbon\/","og_locale":"en_US","og_type":"article","og_title":"Rehabilitation of \"Pra\u00e7a da Alegria\" Building - Lisbon - VESAM","og_description":"This work consisted of the supply and erection of the steel structure for the rehabilitation of a building in Pra\u00e7a da Alegria, Lisbon.","og_url":"https:\/\/www.vesamgroup.com\/en\/rehabilitation-of-praca-da-alegria-building-lisbon\/","og_site_name":"VESAM","article_published_time":"2020-06-23T14:56:00+00:00","article_modified_time":"2021-10-26T13:30:27+00:00","og_image":[{"width":2900,"height":1800,"url":"https:\/\/www.vesamgroup.com\/wp-content\/uploads\/2020\/06\/destaque-praca-da-alegria.png","type":"image\/png"}],"author":"admin","twitter_card":"summary_large_image","twitter_misc":{"Written by":"admin","Est. reading time":"2 minutes"},"schema":{"@context":"https:\/\/schema.org","@graph":[{"@type":"Article","@id":"https:\/\/www.vesamgroup.com\/en\/rehabilitation-of-praca-da-alegria-building-lisbon\/#article","isPartOf":{"@id":"https:\/\/www.vesamgroup.com\/en\/rehabilitation-of-praca-da-alegria-building-lisbon\/"},"author":{"name":"admin","@id":"https:\/\/www.vesamgroup.com\/en\/#\/schema\/person\/df6f1552abe24bf7bcbf11cb0caf969e"},"headline":"Rehabilitation of &#8220;Pra\u00e7a da Alegria&#8221; Building &#8211; Lisbon","datePublished":"2020-06-23T14:56:00+00:00","dateModified":"2021-10-26T13:30:27+00:00","mainEntityOfPage":{"@id":"https:\/\/www.vesamgroup.com\/en\/rehabilitation-of-praca-da-alegria-building-lisbon\/"},"wordCount":120,"publisher":{"@id":"https:\/\/www.vesamgroup.com\/en\/#organization"},"articleSection":["News"],"inLanguage":"en-US"},{"@type":"WebPage","@id":"https:\/\/www.vesamgroup.com\/en\/rehabilitation-of-praca-da-alegria-building-lisbon\/","url":"https:\/\/www.vesamgroup.com\/en\/rehabilitation-of-praca-da-alegria-building-lisbon\/","name":"Rehabilitation of \"Pra\u00e7a da Alegria\" Building - Lisbon - VESAM","isPartOf":{"@id":"https:\/\/www.vesamgroup.com\/en\/#website"},"datePublished":"2020-06-23T14:56:00+00:00","dateModified":"2021-10-26T13:30:27+00:00","description":"This work consisted of the supply and erection of the steel structure for the rehabilitation of a building in Pra\u00e7a da Alegria, Lisbon.","breadcrumb":{"@id":"https:\/\/www.vesamgroup.com\/en\/rehabilitation-of-praca-da-alegria-building-lisbon\/#breadcrumb"},"inLanguage":"en-US","potentialAction":[{"@type":"ReadAction","target":["https:\/\/www.vesamgroup.com\/en\/rehabilitation-of-praca-da-alegria-building-lisbon\/"]}]},{"@type":"BreadcrumbList","@id":"https:\/\/www.vesamgroup.com\/en\/rehabilitation-of-praca-da-alegria-building-lisbon\/#breadcrumb","itemListElement":[{"@type":"ListItem","position":1,"name":"Home","item":"https:\/\/www.vesamgroup.com\/en\/"},{"@type":"ListItem","position":2,"name":"Rehabilitation of &#8220;Pra\u00e7a da Alegria&#8221; Building &#8211; Lisbon"}]},{"@type":"WebSite","@id":"https:\/\/www.vesamgroup.com\/en\/#website","url":"https:\/\/www.vesamgroup.com\/en\/","name":"VESAM","description":"Pioneiros a criar solu\u00e7\u00f5es integradas e inovadoras em estruturas met\u00e1licas e mistas.","publisher":{"@id":"https:\/\/www.vesamgroup.com\/en\/#organization"},"potentialAction":[{"@type":"SearchAction","target":{"@type":"EntryPoint","urlTemplate":"https:\/\/www.vesamgroup.com\/en\/?s={search_term_string}"},"query-input":"required name=search_term_string"}],"inLanguage":"en-US"},{"@type":"Organization","@id":"https:\/\/www.vesamgroup.com\/en\/#organization","name":"Vesam","url":"https:\/\/www.vesamgroup.com\/en\/","logo":{"@type":"ImageObject","inLanguage":"en-US","@id":"https:\/\/www.vesamgroup.com\/en\/#\/schema\/logo\/image\/","url":"https:\/\/www.vesamgroup.com\/wp-content\/uploads\/2021\/04\/VESAM-Logo.png","contentUrl":"https:\/\/www.vesamgroup.com\/wp-content\/uploads\/2021\/04\/VESAM-Logo.png","width":243,"height":90,"caption":"Vesam"},"image":{"@id":"https:\/\/www.vesamgroup.com\/en\/#\/schema\/logo\/image\/"}},{"@type":"Person","@id":"https:\/\/www.vesamgroup.com\/en\/#\/schema\/person\/df6f1552abe24bf7bcbf11cb0caf969e","name":"admin","sameAs":["https:\/\/www.vesamgroup.com"]}]}},"_links":{"self":[{"href":"https:\/\/www.vesamgroup.com\/en\/wp-json\/wp\/v2\/posts\/11378"}],"collection":[{"href":"https:\/\/www.vesamgroup.com\/en\/wp-json\/wp\/v2\/posts"}],"about":[{"href":"https:\/\/www.vesamgroup.com\/en\/wp-json\/wp\/v2\/types\/post"}],"author":[{"embeddable":true,"href":"https:\/\/www.vesamgroup.com\/en\/wp-json\/wp\/v2\/users\/1"}],"replies":[{"embeddable":true,"href":"https:\/\/www.vesamgroup.com\/en\/wp-json\/wp\/v2\/comments?post=11378"}],"version-history":[{"count":6,"href":"https:\/\/www.vesamgroup.com\/en\/wp-json\/wp\/v2\/posts\/11378\/revisions"}],"predecessor-version":[{"id":12779,"href":"https:\/\/www.vesamgroup.com\/en\/wp-json\/wp\/v2\/posts\/11378\/revisions\/12779"}],"wp:featuredmedia":[{"embeddable":true,"href":"https:\/\/www.vesamgroup.com\/en\/wp-json\/wp\/v2\/media\/12640"}],"wp:attachment":[{"href":"https:\/\/www.vesamgroup.com\/en\/wp-json\/wp\/v2\/media?parent=11378"}],"wp:term":[{"taxonomy":"category","embeddable":true,"href":"https:\/\/www.vesamgroup.com\/en\/wp-json\/wp\/v2\/categories?post=11378"},{"taxonomy":"post_tag","embeddable":true,"href":"https:\/\/www.vesamgroup.com\/en\/wp-json\/wp\/v2\/tags?post=11378"}],"curies":[{"name":"wp","href":"https:\/\/api.w.org\/{rel}","templated":true}]}}