{"id":12495,"date":"2021-08-07T14:13:13","date_gmt":"2021-08-07T14:13:13","guid":{"rendered":"https:\/\/www.vesamgroup.com\/?p=12495"},"modified":"2021-10-12T16:54:25","modified_gmt":"2021-10-12T16:54:25","slug":"vesam-structures-in-the-construction-of-the-new-a321","status":"publish","type":"post","link":"https:\/\/www.vesamgroup.com\/en\/vesam-structures-in-the-construction-of-the-new-a321\/","title":{"rendered":"Vesam structures in the construction of the new A321"},"content":{"rendered":"\t\t<div data-elementor-type=\"wp-post\" data-elementor-id=\"12495\" class=\"elementor elementor-12495\">\n\t\t\t\t\t\t\t\t\t<section class=\"elementor-section elementor-top-section elementor-element elementor-element-c5005d4 elementor-section-full_width elementor-section-height-default elementor-section-height-default qodef-elementor-content-no\" data-id=\"c5005d4\" data-element_type=\"section\">\n\t\t\t\t\t\t<div class=\"elementor-container elementor-column-gap-default\">\n\t\t\t\t\t<div class=\"elementor-column elementor-col-100 elementor-top-column elementor-element elementor-element-a477b09\" data-id=\"a477b09\" data-element_type=\"column\">\n\t\t\t<div class=\"elementor-widget-wrap elementor-element-populated\">\n\t\t\t\t\t\t\t\t<div class=\"elementor-element elementor-element-f84cf33 elementor-widget elementor-widget-text-editor\" data-id=\"f84cf33\" data-element_type=\"widget\" data-widget_type=\"text-editor.default\">\n\t\t\t\t<div class=\"elementor-widget-container\">\n\t\t\t\t\t\t\t<p>Airbus, Europe&#8217;s leading aircraft maker, recently said it had an order backlog that would take more than a decade to satisfy at the pace of current production rates. In order to increase the delivery rate, Airbus invested in new assembly lines in Europe.<\/p><p>Vesam, through its Industry business area, has actively participated in the engineering, manufacturing and assembly of various structures for these new lines.<\/p>\t\t\t\t\t\t<\/div>\n\t\t\t\t<\/div>\n\t\t\t\t\t<\/div>\n\t\t<\/div>\n\t\t\t\t\t\t\t<\/div>\n\t\t<\/section>\n\t\t\t\t\t\t\t<\/div>\n\t\t","protected":false},"excerpt":{"rendered":"<p>The structures will equip a new assembly line for the latest version of this aircraft.<\/p>\n","protected":false},"author":4,"featured_media":12623,"comment_status":"closed","ping_status":"closed","sticky":false,"template":"","format":"gallery","meta":{"footnotes":""},"categories":[87],"tags":[],"yoast_head":"<!-- This site is optimized with the Yoast SEO plugin v21.3 - https:\/\/yoast.com\/wordpress\/plugins\/seo\/ -->\n<title>Vesam structures in the construction of the new A321 - VESAM<\/title>\n<meta name=\"description\" content=\"The structures will equip a new assembly line for the latest version of this aircraft.\" \/>\n<meta name=\"robots\" content=\"index, follow, max-snippet:-1, max-image-preview:large, max-video-preview:-1\" \/>\n<link rel=\"canonical\" href=\"https:\/\/www.vesamgroup.com\/en\/vesam-structures-in-the-construction-of-the-new-a321\/\" \/>\n<meta property=\"og:locale\" content=\"en_US\" \/>\n<meta property=\"og:type\" content=\"article\" \/>\n<meta property=\"og:title\" content=\"Vesam structures in the construction of the new A321 - VESAM\" \/>\n<meta property=\"og:description\" content=\"The structures will equip a new assembly line for the latest version of this aircraft.\" \/>\n<meta property=\"og:url\" content=\"https:\/\/www.vesamgroup.com\/en\/vesam-structures-in-the-construction-of-the-new-a321\/\" \/>\n<meta property=\"og:site_name\" content=\"VESAM\" \/>\n<meta property=\"article:published_time\" content=\"2021-08-07T14:13:13+00:00\" \/>\n<meta property=\"article:modified_time\" content=\"2021-10-12T16:54:25+00:00\" \/>\n<meta property=\"og:image\" content=\"https:\/\/www.vesamgroup.com\/wp-content\/uploads\/2021\/08\/destaque-air-bus-2-1024x636.png\" \/>\n\t<meta property=\"og:image:width\" content=\"1024\" \/>\n\t<meta property=\"og:image:height\" content=\"636\" \/>\n\t<meta property=\"og:image:type\" content=\"image\/png\" \/>\n<meta name=\"author\" content=\"Ana Oliveira\" \/>\n<meta name=\"twitter:card\" content=\"summary_large_image\" \/>\n<meta name=\"twitter:label1\" content=\"Written by\" \/>\n\t<meta name=\"twitter:data1\" content=\"Ana Oliveira\" \/>\n\t<meta name=\"twitter:label2\" content=\"Est. reading time\" \/>\n\t<meta name=\"twitter:data2\" content=\"1 minute\" \/>\n<script type=\"application\/ld+json\" class=\"yoast-schema-graph\">{\"@context\":\"https:\/\/schema.org\",\"@graph\":[{\"@type\":\"Article\",\"@id\":\"https:\/\/www.vesamgroup.com\/en\/vesam-structures-in-the-construction-of-the-new-a321\/#article\",\"isPartOf\":{\"@id\":\"https:\/\/www.vesamgroup.com\/en\/vesam-structures-in-the-construction-of-the-new-a321\/\"},\"author\":{\"name\":\"Ana Oliveira\",\"@id\":\"https:\/\/www.vesamgroup.com\/en\/#\/schema\/person\/2350da1454a6e949780943c06735ff37\"},\"headline\":\"Vesam structures in the construction of the new A321\",\"datePublished\":\"2021-08-07T14:13:13+00:00\",\"dateModified\":\"2021-10-12T16:54:25+00:00\",\"mainEntityOfPage\":{\"@id\":\"https:\/\/www.vesamgroup.com\/en\/vesam-structures-in-the-construction-of-the-new-a321\/\"},\"wordCount\":74,\"publisher\":{\"@id\":\"https:\/\/www.vesamgroup.com\/en\/#organization\"},\"articleSection\":[\"News\"],\"inLanguage\":\"en-US\"},{\"@type\":\"WebPage\",\"@id\":\"https:\/\/www.vesamgroup.com\/en\/vesam-structures-in-the-construction-of-the-new-a321\/\",\"url\":\"https:\/\/www.vesamgroup.com\/en\/vesam-structures-in-the-construction-of-the-new-a321\/\",\"name\":\"Vesam structures in the construction of the new A321 - VESAM\",\"isPartOf\":{\"@id\":\"https:\/\/www.vesamgroup.com\/en\/#website\"},\"datePublished\":\"2021-08-07T14:13:13+00:00\",\"dateModified\":\"2021-10-12T16:54:25+00:00\",\"description\":\"The structures will equip a new assembly line for the latest version of this aircraft.\",\"breadcrumb\":{\"@id\":\"https:\/\/www.vesamgroup.com\/en\/vesam-structures-in-the-construction-of-the-new-a321\/#breadcrumb\"},\"inLanguage\":\"en-US\",\"potentialAction\":[{\"@type\":\"ReadAction\",\"target\":[\"https:\/\/www.vesamgroup.com\/en\/vesam-structures-in-the-construction-of-the-new-a321\/\"]}]},{\"@type\":\"BreadcrumbList\",\"@id\":\"https:\/\/www.vesamgroup.com\/en\/vesam-structures-in-the-construction-of-the-new-a321\/#breadcrumb\",\"itemListElement\":[{\"@type\":\"ListItem\",\"position\":1,\"name\":\"Home\",\"item\":\"https:\/\/www.vesamgroup.com\/en\/\"},{\"@type\":\"ListItem\",\"position\":2,\"name\":\"Vesam structures in the construction of the new A321\"}]},{\"@type\":\"WebSite\",\"@id\":\"https:\/\/www.vesamgroup.com\/en\/#website\",\"url\":\"https:\/\/www.vesamgroup.com\/en\/\",\"name\":\"VESAM\",\"description\":\"Pioneiros a criar solu\u00e7\u00f5es integradas e inovadoras em estruturas met\u00e1licas e mistas.\",\"publisher\":{\"@id\":\"https:\/\/www.vesamgroup.com\/en\/#organization\"},\"potentialAction\":[{\"@type\":\"SearchAction\",\"target\":{\"@type\":\"EntryPoint\",\"urlTemplate\":\"https:\/\/www.vesamgroup.com\/en\/?s={search_term_string}\"},\"query-input\":\"required name=search_term_string\"}],\"inLanguage\":\"en-US\"},{\"@type\":\"Organization\",\"@id\":\"https:\/\/www.vesamgroup.com\/en\/#organization\",\"name\":\"Vesam\",\"url\":\"https:\/\/www.vesamgroup.com\/en\/\",\"logo\":{\"@type\":\"ImageObject\",\"inLanguage\":\"en-US\",\"@id\":\"https:\/\/www.vesamgroup.com\/en\/#\/schema\/logo\/image\/\",\"url\":\"https:\/\/www.vesamgroup.com\/wp-content\/uploads\/2021\/04\/VESAM-Logo.png\",\"contentUrl\":\"https:\/\/www.vesamgroup.com\/wp-content\/uploads\/2021\/04\/VESAM-Logo.png\",\"width\":243,\"height\":90,\"caption\":\"Vesam\"},\"image\":{\"@id\":\"https:\/\/www.vesamgroup.com\/en\/#\/schema\/logo\/image\/\"}},{\"@type\":\"Person\",\"@id\":\"https:\/\/www.vesamgroup.com\/en\/#\/schema\/person\/2350da1454a6e949780943c06735ff37\",\"name\":\"Ana Oliveira\"}]}<\/script>\n<!-- \/ Yoast SEO plugin. -->","yoast_head_json":{"title":"Vesam structures in the construction of the new A321 - VESAM","description":"The structures will equip a new assembly line for the latest version of this aircraft.","robots":{"index":"index","follow":"follow","max-snippet":"max-snippet:-1","max-image-preview":"max-image-preview:large","max-video-preview":"max-video-preview:-1"},"canonical":"https:\/\/www.vesamgroup.com\/en\/vesam-structures-in-the-construction-of-the-new-a321\/","og_locale":"en_US","og_type":"article","og_title":"Vesam structures in the construction of the new A321 - VESAM","og_description":"The structures will equip a new assembly line for the latest version of this aircraft.","og_url":"https:\/\/www.vesamgroup.com\/en\/vesam-structures-in-the-construction-of-the-new-a321\/","og_site_name":"VESAM","article_published_time":"2021-08-07T14:13:13+00:00","article_modified_time":"2021-10-12T16:54:25+00:00","og_image":[{"width":1024,"height":636,"url":"https:\/\/www.vesamgroup.com\/wp-content\/uploads\/2021\/08\/destaque-air-bus-2-1024x636.png","type":"image\/png"}],"author":"Ana Oliveira","twitter_card":"summary_large_image","twitter_misc":{"Written by":"Ana Oliveira","Est. reading time":"1 minute"},"schema":{"@context":"https:\/\/schema.org","@graph":[{"@type":"Article","@id":"https:\/\/www.vesamgroup.com\/en\/vesam-structures-in-the-construction-of-the-new-a321\/#article","isPartOf":{"@id":"https:\/\/www.vesamgroup.com\/en\/vesam-structures-in-the-construction-of-the-new-a321\/"},"author":{"name":"Ana Oliveira","@id":"https:\/\/www.vesamgroup.com\/en\/#\/schema\/person\/2350da1454a6e949780943c06735ff37"},"headline":"Vesam structures in the construction of the new A321","datePublished":"2021-08-07T14:13:13+00:00","dateModified":"2021-10-12T16:54:25+00:00","mainEntityOfPage":{"@id":"https:\/\/www.vesamgroup.com\/en\/vesam-structures-in-the-construction-of-the-new-a321\/"},"wordCount":74,"publisher":{"@id":"https:\/\/www.vesamgroup.com\/en\/#organization"},"articleSection":["News"],"inLanguage":"en-US"},{"@type":"WebPage","@id":"https:\/\/www.vesamgroup.com\/en\/vesam-structures-in-the-construction-of-the-new-a321\/","url":"https:\/\/www.vesamgroup.com\/en\/vesam-structures-in-the-construction-of-the-new-a321\/","name":"Vesam structures in the construction of the new A321 - VESAM","isPartOf":{"@id":"https:\/\/www.vesamgroup.com\/en\/#website"},"datePublished":"2021-08-07T14:13:13+00:00","dateModified":"2021-10-12T16:54:25+00:00","description":"The structures will equip a new assembly line for the latest version of this aircraft.","breadcrumb":{"@id":"https:\/\/www.vesamgroup.com\/en\/vesam-structures-in-the-construction-of-the-new-a321\/#breadcrumb"},"inLanguage":"en-US","potentialAction":[{"@type":"ReadAction","target":["https:\/\/www.vesamgroup.com\/en\/vesam-structures-in-the-construction-of-the-new-a321\/"]}]},{"@type":"BreadcrumbList","@id":"https:\/\/www.vesamgroup.com\/en\/vesam-structures-in-the-construction-of-the-new-a321\/#breadcrumb","itemListElement":[{"@type":"ListItem","position":1,"name":"Home","item":"https:\/\/www.vesamgroup.com\/en\/"},{"@type":"ListItem","position":2,"name":"Vesam structures in the construction of the new A321"}]},{"@type":"WebSite","@id":"https:\/\/www.vesamgroup.com\/en\/#website","url":"https:\/\/www.vesamgroup.com\/en\/","name":"VESAM","description":"Pioneiros a criar solu\u00e7\u00f5es integradas e inovadoras em estruturas met\u00e1licas e mistas.","publisher":{"@id":"https:\/\/www.vesamgroup.com\/en\/#organization"},"potentialAction":[{"@type":"SearchAction","target":{"@type":"EntryPoint","urlTemplate":"https:\/\/www.vesamgroup.com\/en\/?s={search_term_string}"},"query-input":"required name=search_term_string"}],"inLanguage":"en-US"},{"@type":"Organization","@id":"https:\/\/www.vesamgroup.com\/en\/#organization","name":"Vesam","url":"https:\/\/www.vesamgroup.com\/en\/","logo":{"@type":"ImageObject","inLanguage":"en-US","@id":"https:\/\/www.vesamgroup.com\/en\/#\/schema\/logo\/image\/","url":"https:\/\/www.vesamgroup.com\/wp-content\/uploads\/2021\/04\/VESAM-Logo.png","contentUrl":"https:\/\/www.vesamgroup.com\/wp-content\/uploads\/2021\/04\/VESAM-Logo.png","width":243,"height":90,"caption":"Vesam"},"image":{"@id":"https:\/\/www.vesamgroup.com\/en\/#\/schema\/logo\/image\/"}},{"@type":"Person","@id":"https:\/\/www.vesamgroup.com\/en\/#\/schema\/person\/2350da1454a6e949780943c06735ff37","name":"Ana Oliveira"}]}},"_links":{"self":[{"href":"https:\/\/www.vesamgroup.com\/en\/wp-json\/wp\/v2\/posts\/12495"}],"collection":[{"href":"https:\/\/www.vesamgroup.com\/en\/wp-json\/wp\/v2\/posts"}],"about":[{"href":"https:\/\/www.vesamgroup.com\/en\/wp-json\/wp\/v2\/types\/post"}],"author":[{"embeddable":true,"href":"https:\/\/www.vesamgroup.com\/en\/wp-json\/wp\/v2\/users\/4"}],"replies":[{"embeddable":true,"href":"https:\/\/www.vesamgroup.com\/en\/wp-json\/wp\/v2\/comments?post=12495"}],"version-history":[{"count":7,"href":"https:\/\/www.vesamgroup.com\/en\/wp-json\/wp\/v2\/posts\/12495\/revisions"}],"predecessor-version":[{"id":12504,"href":"https:\/\/www.vesamgroup.com\/en\/wp-json\/wp\/v2\/posts\/12495\/revisions\/12504"}],"wp:featuredmedia":[{"embeddable":true,"href":"https:\/\/www.vesamgroup.com\/en\/wp-json\/wp\/v2\/media\/12623"}],"wp:attachment":[{"href":"https:\/\/www.vesamgroup.com\/en\/wp-json\/wp\/v2\/media?parent=12495"}],"wp:term":[{"taxonomy":"category","embeddable":true,"href":"https:\/\/www.vesamgroup.com\/en\/wp-json\/wp\/v2\/categories?post=12495"},{"taxonomy":"post_tag","embeddable":true,"href":"https:\/\/www.vesamgroup.com\/en\/wp-json\/wp\/v2\/tags?post=12495"}],"curies":[{"name":"wp","href":"https:\/\/api.w.org\/{rel}","templated":true}]}}