{"id":16097,"date":"2023-05-15T09:04:10","date_gmt":"2023-05-15T09:04:10","guid":{"rendered":"https:\/\/www.vesamgroup.com\/?p=16097"},"modified":"2023-06-05T09:48:50","modified_gmt":"2023-06-05T09:48:50","slug":"isabel-caetano-one-of-the-great-inspirations-of-womens-cycling-in-portugal","status":"publish","type":"post","link":"https:\/\/www.vesamgroup.com\/en\/isabel-caetano-one-of-the-great-inspirations-of-womens-cycling-in-portugal\/","title":{"rendered":"Isabel Caetano: One of the great inspirations of women&#8217;s cycling in Portugal"},"content":{"rendered":"\t\t<div data-elementor-type=\"wp-post\" data-elementor-id=\"16097\" class=\"elementor elementor-16097\">\n\t\t\t\t\t\t\t\t\t<section class=\"elementor-section elementor-top-section elementor-element elementor-element-fb03444 elementor-section-full_width elementor-section-height-default elementor-section-height-default qodef-elementor-content-no\" data-id=\"fb03444\" data-element_type=\"section\">\n\t\t\t\t\t\t<div class=\"elementor-container elementor-column-gap-default\">\n\t\t\t\t\t<div class=\"elementor-column elementor-col-100 elementor-top-column elementor-element elementor-element-741d98f\" data-id=\"741d98f\" data-element_type=\"column\">\n\t\t\t<div class=\"elementor-widget-wrap elementor-element-populated\">\n\t\t\t\t\t\t\t\t<div class=\"elementor-element elementor-element-2763b95 elementor-widget elementor-widget-text-editor\" data-id=\"2763b95\" data-element_type=\"widget\" data-widget_type=\"text-editor.default\">\n\t\t\t\t<div class=\"elementor-widget-container\">\n\t\t\t\t\t\t\t<p>Isabel Caetano is part of the VESAM cycling team, and is one of the most respected cyclists in the female squad, due to all the experience she has in the modality.<\/p><p>With several awards at national and international level, she returned to the competition after the maternity phase in 2017.<\/p><p>The <em>Ciclismo Mundial Blog<\/em> had the opportunity to talk to the athlete and we leave here part 1 and part 2 of the interview, so that you can learn more about this excellent athlete.<\/p>\t\t\t\t\t\t<\/div>\n\t\t\t\t<\/div>\n\t\t\t\t\t<\/div>\n\t\t<\/div>\n\t\t\t\t\t\t\t<\/div>\n\t\t<\/section>\n\t\t\t\t<section class=\"elementor-section elementor-top-section elementor-element elementor-element-73175dd elementor-section-boxed elementor-section-height-default elementor-section-height-default qodef-elementor-content-no\" data-id=\"73175dd\" data-element_type=\"section\">\n\t\t\t\t\t\t<div class=\"elementor-container elementor-column-gap-default\">\n\t\t\t\t\t<div class=\"elementor-column elementor-col-50 elementor-top-column elementor-element elementor-element-c33a22e\" data-id=\"c33a22e\" data-element_type=\"column\">\n\t\t\t<div class=\"elementor-widget-wrap elementor-element-populated\">\n\t\t\t\t\t\t\t\t<div class=\"elementor-element elementor-element-4e372e2 elementor-widget elementor-widget-image\" data-id=\"4e372e2\" data-element_type=\"widget\" data-widget_type=\"image.default\">\n\t\t\t\t<div class=\"elementor-widget-container\">\n\t\t\t\t\t\t\t\t\t\t\t\t\t\t\t<img decoding=\"async\" loading=\"lazy\" width=\"683\" height=\"1024\" src=\"https:\/\/www.vesamgroup.com\/wp-content\/uploads\/2023\/06\/IMG_9668-1-1-683x1024.jpg\" class=\"attachment-large size-large wp-image-16084\" alt=\"\" srcset=\"https:\/\/www.vesamgroup.com\/wp-content\/uploads\/2023\/06\/IMG_9668-1-1-683x1024.jpg 683w, https:\/\/www.vesamgroup.com\/wp-content\/uploads\/2023\/06\/IMG_9668-1-1-200x300.jpg 200w, https:\/\/www.vesamgroup.com\/wp-content\/uploads\/2023\/06\/IMG_9668-1-1-768x1152.jpg 768w, https:\/\/www.vesamgroup.com\/wp-content\/uploads\/2023\/06\/IMG_9668-1-1-1024x1536.jpg 1024w, https:\/\/www.vesamgroup.com\/wp-content\/uploads\/2023\/06\/IMG_9668-1-1-1366x2048.jpg 1366w, https:\/\/www.vesamgroup.com\/wp-content\/uploads\/2023\/06\/IMG_9668-1-1-rotated.jpg 1707w\" sizes=\"(max-width: 683px) 100vw, 683px\" \/>\t\t\t\t\t\t\t\t\t\t\t\t\t\t\t<\/div>\n\t\t\t\t<\/div>\n\t\t\t\t\t<\/div>\n\t\t<\/div>\n\t\t\t\t<div class=\"elementor-column elementor-col-50 elementor-top-column elementor-element elementor-element-465bba7\" data-id=\"465bba7\" data-element_type=\"column\">\n\t\t\t<div class=\"elementor-widget-wrap elementor-element-populated\">\n\t\t\t\t\t\t\t\t<div class=\"elementor-element elementor-element-6a6f947 elementor-widget elementor-widget-image\" data-id=\"6a6f947\" data-element_type=\"widget\" data-widget_type=\"image.default\">\n\t\t\t\t<div class=\"elementor-widget-container\">\n\t\t\t\t\t\t\t\t\t\t\t\t\t\t\t<img decoding=\"async\" loading=\"lazy\" width=\"1024\" height=\"683\" src=\"https:\/\/www.vesamgroup.com\/wp-content\/uploads\/2023\/06\/342718795_627886519180946_932349518129393815_n-1024x683.jpg\" class=\"attachment-large size-large wp-image-16068\" alt=\"\" srcset=\"https:\/\/www.vesamgroup.com\/wp-content\/uploads\/2023\/06\/342718795_627886519180946_932349518129393815_n-1024x683.jpg 1024w, https:\/\/www.vesamgroup.com\/wp-content\/uploads\/2023\/06\/342718795_627886519180946_932349518129393815_n-300x200.jpg 300w, https:\/\/www.vesamgroup.com\/wp-content\/uploads\/2023\/06\/342718795_627886519180946_932349518129393815_n-768x512.jpg 768w, https:\/\/www.vesamgroup.com\/wp-content\/uploads\/2023\/06\/342718795_627886519180946_932349518129393815_n-1536x1024.jpg 1536w, https:\/\/www.vesamgroup.com\/wp-content\/uploads\/2023\/06\/342718795_627886519180946_932349518129393815_n.jpg 1800w\" sizes=\"(max-width: 1024px) 100vw, 1024px\" \/>\t\t\t\t\t\t\t\t\t\t\t\t\t\t\t<\/div>\n\t\t\t\t<\/div>\n\t\t\t\t<div class=\"elementor-element elementor-element-ed3f154 elementor-align-center elementor-widget elementor-widget-button\" data-id=\"ed3f154\" data-element_type=\"widget\" data-widget_type=\"button.default\">\n\t\t\t\t<div class=\"elementor-widget-container\">\n\t\t\t\t\t<div class=\"elementor-button-wrapper\">\n\t\t\t<a class=\"elementor-button elementor-button-link elementor-size-md\" href=\"https:\/\/www.ciclismomundialblog.com\/entrevistas\/isabel-caetano-uma-das-grandes-inspiracoes-do-ciclismo-feminino-em-portugal-p1\/?fbclid=IwAR3CYw6Ypf_RUaTKsNg6gQyXu6kndmCNHaEv6hH340gGobLoQbS6khRiRgE\" target=\"_blank\">\n\t\t\t\t\t\t<span class=\"elementor-button-content-wrapper\">\n\t\t\t\t\t\t<span class=\"elementor-button-icon elementor-align-icon-left\">\n\t\t\t\t<i aria-hidden=\"true\" class=\"far fa-newspaper\"><\/i>\t\t\t<\/span>\n\t\t\t\t\t\t<span class=\"elementor-button-text\">Interview - Part 1<\/span>\n\t\t<\/span>\n\t\t\t\t\t<\/a>\n\t\t<\/div>\n\t\t\t\t<\/div>\n\t\t\t\t<\/div>\n\t\t\t\t<div class=\"elementor-element elementor-element-4f48813 elementor-align-center elementor-widget elementor-widget-button\" data-id=\"4f48813\" data-element_type=\"widget\" data-widget_type=\"button.default\">\n\t\t\t\t<div class=\"elementor-widget-container\">\n\t\t\t\t\t<div class=\"elementor-button-wrapper\">\n\t\t\t<a class=\"elementor-button elementor-button-link elementor-size-md\" href=\"https:\/\/www.ciclismomundialblog.com\/entrevistas\/isabel-caetano-uma-das-grandes-inspiracoes-do-ciclismo-feminino-em-portugal-parte-2\/\" target=\"_blank\">\n\t\t\t\t\t\t<span class=\"elementor-button-content-wrapper\">\n\t\t\t\t\t\t<span class=\"elementor-button-icon elementor-align-icon-left\">\n\t\t\t\t<i aria-hidden=\"true\" class=\"far fa-newspaper\"><\/i>\t\t\t<\/span>\n\t\t\t\t\t\t<span class=\"elementor-button-text\">Interview - Part 2<\/span>\n\t\t<\/span>\n\t\t\t\t\t<\/a>\n\t\t<\/div>\n\t\t\t\t<\/div>\n\t\t\t\t<\/div>\n\t\t\t\t\t<\/div>\n\t\t<\/div>\n\t\t\t\t\t\t\t<\/div>\n\t\t<\/section>\n\t\t\t\t\t\t\t<\/div>\n\t\t","protected":false},"excerpt":{"rendered":"<p>Isabel Caetano is part of the VESAM cycling team, and is one of the most respected cyclists in the female squad, due to all the experience she has in the modality.<\/p>\n","protected":false},"author":5,"featured_media":16065,"comment_status":"closed","ping_status":"closed","sticky":false,"template":"","format":"gallery","meta":{"footnotes":""},"categories":[104,85],"tags":[],"yoast_head":"<!-- This site is optimized with the Yoast SEO plugin v21.3 - https:\/\/yoast.com\/wordpress\/plugins\/seo\/ -->\n<title>Isabel Caetano: One of the great inspirations of women&#039;s cycling in Portugal - VESAM<\/title>\n<meta name=\"description\" content=\"Isabel Caetano is part of the VESAM cycling team, and is one of the most respected cyclists in the female squad, due to all the experience she has in the modality.\" \/>\n<meta name=\"robots\" content=\"index, follow, max-snippet:-1, max-image-preview:large, max-video-preview:-1\" \/>\n<link rel=\"canonical\" href=\"https:\/\/www.vesamgroup.com\/en\/isabel-caetano-one-of-the-great-inspirations-of-womens-cycling-in-portugal\/\" \/>\n<meta property=\"og:locale\" content=\"en_US\" \/>\n<meta property=\"og:type\" content=\"article\" \/>\n<meta property=\"og:title\" content=\"Isabel Caetano: One of the great inspirations of women&#039;s cycling in Portugal - VESAM\" \/>\n<meta property=\"og:description\" content=\"Isabel Caetano is part of the VESAM cycling team, and is one of the most respected cyclists in the female squad, due to all the experience she has in the modality.\" \/>\n<meta property=\"og:url\" content=\"https:\/\/www.vesamgroup.com\/en\/isabel-caetano-one-of-the-great-inspirations-of-womens-cycling-in-portugal\/\" \/>\n<meta property=\"og:site_name\" content=\"VESAM\" \/>\n<meta property=\"article:published_time\" content=\"2023-05-15T09:04:10+00:00\" \/>\n<meta property=\"article:modified_time\" content=\"2023-06-05T09:48:50+00:00\" \/>\n<meta property=\"og:image\" content=\"https:\/\/www.vesamgroup.com\/wp-content\/uploads\/2023\/06\/342535758_536894495063698_7504578560899401745_n.jpg\" \/>\n\t<meta property=\"og:image:width\" content=\"1799\" \/>\n\t<meta property=\"og:image:height\" content=\"1200\" \/>\n\t<meta property=\"og:image:type\" content=\"image\/jpeg\" \/>\n<meta name=\"author\" content=\"S\u00edlvia Carvalho\" \/>\n<meta name=\"twitter:card\" content=\"summary_large_image\" \/>\n<meta name=\"twitter:label1\" content=\"Written by\" \/>\n\t<meta name=\"twitter:data1\" content=\"S\u00edlvia Carvalho\" \/>\n\t<meta name=\"twitter:label2\" content=\"Est. reading time\" \/>\n\t<meta name=\"twitter:data2\" content=\"2 minutes\" \/>\n<script type=\"application\/ld+json\" class=\"yoast-schema-graph\">{\"@context\":\"https:\/\/schema.org\",\"@graph\":[{\"@type\":\"Article\",\"@id\":\"https:\/\/www.vesamgroup.com\/en\/isabel-caetano-one-of-the-great-inspirations-of-womens-cycling-in-portugal\/#article\",\"isPartOf\":{\"@id\":\"https:\/\/www.vesamgroup.com\/en\/isabel-caetano-one-of-the-great-inspirations-of-womens-cycling-in-portugal\/\"},\"author\":{\"name\":\"S\u00edlvia Carvalho\",\"@id\":\"https:\/\/www.vesamgroup.com\/en\/#\/schema\/person\/7541dc58dfc5ab0542e291a13346d929\"},\"headline\":\"Isabel Caetano: One of the great inspirations of women&#8217;s cycling in Portugal\",\"datePublished\":\"2023-05-15T09:04:10+00:00\",\"dateModified\":\"2023-06-05T09:48:50+00:00\",\"mainEntityOfPage\":{\"@id\":\"https:\/\/www.vesamgroup.com\/en\/isabel-caetano-one-of-the-great-inspirations-of-womens-cycling-in-portugal\/\"},\"wordCount\":99,\"publisher\":{\"@id\":\"https:\/\/www.vesamgroup.com\/en\/#organization\"},\"articleSection\":[\"Cycling Team\",\"Events\"],\"inLanguage\":\"en-US\"},{\"@type\":\"WebPage\",\"@id\":\"https:\/\/www.vesamgroup.com\/en\/isabel-caetano-one-of-the-great-inspirations-of-womens-cycling-in-portugal\/\",\"url\":\"https:\/\/www.vesamgroup.com\/en\/isabel-caetano-one-of-the-great-inspirations-of-womens-cycling-in-portugal\/\",\"name\":\"Isabel Caetano: One of the great inspirations of women's cycling in Portugal - VESAM\",\"isPartOf\":{\"@id\":\"https:\/\/www.vesamgroup.com\/en\/#website\"},\"datePublished\":\"2023-05-15T09:04:10+00:00\",\"dateModified\":\"2023-06-05T09:48:50+00:00\",\"description\":\"Isabel Caetano is part of the VESAM cycling team, and is one of the most respected cyclists in the female squad, due to all the experience she has in the modality.\",\"breadcrumb\":{\"@id\":\"https:\/\/www.vesamgroup.com\/en\/isabel-caetano-one-of-the-great-inspirations-of-womens-cycling-in-portugal\/#breadcrumb\"},\"inLanguage\":\"en-US\",\"potentialAction\":[{\"@type\":\"ReadAction\",\"target\":[\"https:\/\/www.vesamgroup.com\/en\/isabel-caetano-one-of-the-great-inspirations-of-womens-cycling-in-portugal\/\"]}]},{\"@type\":\"BreadcrumbList\",\"@id\":\"https:\/\/www.vesamgroup.com\/en\/isabel-caetano-one-of-the-great-inspirations-of-womens-cycling-in-portugal\/#breadcrumb\",\"itemListElement\":[{\"@type\":\"ListItem\",\"position\":1,\"name\":\"Home\",\"item\":\"https:\/\/www.vesamgroup.com\/en\/\"},{\"@type\":\"ListItem\",\"position\":2,\"name\":\"Isabel Caetano: One of the great inspirations of women&#8217;s cycling in Portugal\"}]},{\"@type\":\"WebSite\",\"@id\":\"https:\/\/www.vesamgroup.com\/en\/#website\",\"url\":\"https:\/\/www.vesamgroup.com\/en\/\",\"name\":\"VESAM\",\"description\":\"Pioneiros a criar solu\u00e7\u00f5es integradas e inovadoras em estruturas met\u00e1licas e mistas.\",\"publisher\":{\"@id\":\"https:\/\/www.vesamgroup.com\/en\/#organization\"},\"potentialAction\":[{\"@type\":\"SearchAction\",\"target\":{\"@type\":\"EntryPoint\",\"urlTemplate\":\"https:\/\/www.vesamgroup.com\/en\/?s={search_term_string}\"},\"query-input\":\"required name=search_term_string\"}],\"inLanguage\":\"en-US\"},{\"@type\":\"Organization\",\"@id\":\"https:\/\/www.vesamgroup.com\/en\/#organization\",\"name\":\"Vesam\",\"url\":\"https:\/\/www.vesamgroup.com\/en\/\",\"logo\":{\"@type\":\"ImageObject\",\"inLanguage\":\"en-US\",\"@id\":\"https:\/\/www.vesamgroup.com\/en\/#\/schema\/logo\/image\/\",\"url\":\"https:\/\/www.vesamgroup.com\/wp-content\/uploads\/2021\/04\/VESAM-Logo.png\",\"contentUrl\":\"https:\/\/www.vesamgroup.com\/wp-content\/uploads\/2021\/04\/VESAM-Logo.png\",\"width\":243,\"height\":90,\"caption\":\"Vesam\"},\"image\":{\"@id\":\"https:\/\/www.vesamgroup.com\/en\/#\/schema\/logo\/image\/\"}},{\"@type\":\"Person\",\"@id\":\"https:\/\/www.vesamgroup.com\/en\/#\/schema\/person\/7541dc58dfc5ab0542e291a13346d929\",\"name\":\"S\u00edlvia Carvalho\"}]}<\/script>\n<!-- \/ Yoast SEO plugin. -->","yoast_head_json":{"title":"Isabel Caetano: One of the great inspirations of women's cycling in Portugal - VESAM","description":"Isabel Caetano is part of the VESAM cycling team, and is one of the most respected cyclists in the female squad, due to all the experience she has in the modality.","robots":{"index":"index","follow":"follow","max-snippet":"max-snippet:-1","max-image-preview":"max-image-preview:large","max-video-preview":"max-video-preview:-1"},"canonical":"https:\/\/www.vesamgroup.com\/en\/isabel-caetano-one-of-the-great-inspirations-of-womens-cycling-in-portugal\/","og_locale":"en_US","og_type":"article","og_title":"Isabel Caetano: One of the great inspirations of women's cycling in Portugal - VESAM","og_description":"Isabel Caetano is part of the VESAM cycling team, and is one of the most respected cyclists in the female squad, due to all the experience she has in the modality.","og_url":"https:\/\/www.vesamgroup.com\/en\/isabel-caetano-one-of-the-great-inspirations-of-womens-cycling-in-portugal\/","og_site_name":"VESAM","article_published_time":"2023-05-15T09:04:10+00:00","article_modified_time":"2023-06-05T09:48:50+00:00","og_image":[{"width":1799,"height":1200,"url":"https:\/\/www.vesamgroup.com\/wp-content\/uploads\/2023\/06\/342535758_536894495063698_7504578560899401745_n.jpg","type":"image\/jpeg"}],"author":"S\u00edlvia Carvalho","twitter_card":"summary_large_image","twitter_misc":{"Written by":"S\u00edlvia Carvalho","Est. reading time":"2 minutes"},"schema":{"@context":"https:\/\/schema.org","@graph":[{"@type":"Article","@id":"https:\/\/www.vesamgroup.com\/en\/isabel-caetano-one-of-the-great-inspirations-of-womens-cycling-in-portugal\/#article","isPartOf":{"@id":"https:\/\/www.vesamgroup.com\/en\/isabel-caetano-one-of-the-great-inspirations-of-womens-cycling-in-portugal\/"},"author":{"name":"S\u00edlvia Carvalho","@id":"https:\/\/www.vesamgroup.com\/en\/#\/schema\/person\/7541dc58dfc5ab0542e291a13346d929"},"headline":"Isabel Caetano: One of the great inspirations of women&#8217;s cycling in Portugal","datePublished":"2023-05-15T09:04:10+00:00","dateModified":"2023-06-05T09:48:50+00:00","mainEntityOfPage":{"@id":"https:\/\/www.vesamgroup.com\/en\/isabel-caetano-one-of-the-great-inspirations-of-womens-cycling-in-portugal\/"},"wordCount":99,"publisher":{"@id":"https:\/\/www.vesamgroup.com\/en\/#organization"},"articleSection":["Cycling Team","Events"],"inLanguage":"en-US"},{"@type":"WebPage","@id":"https:\/\/www.vesamgroup.com\/en\/isabel-caetano-one-of-the-great-inspirations-of-womens-cycling-in-portugal\/","url":"https:\/\/www.vesamgroup.com\/en\/isabel-caetano-one-of-the-great-inspirations-of-womens-cycling-in-portugal\/","name":"Isabel Caetano: One of the great inspirations of women's cycling in Portugal - VESAM","isPartOf":{"@id":"https:\/\/www.vesamgroup.com\/en\/#website"},"datePublished":"2023-05-15T09:04:10+00:00","dateModified":"2023-06-05T09:48:50+00:00","description":"Isabel Caetano is part of the VESAM cycling team, and is one of the most respected cyclists in the female squad, due to all the experience she has in the modality.","breadcrumb":{"@id":"https:\/\/www.vesamgroup.com\/en\/isabel-caetano-one-of-the-great-inspirations-of-womens-cycling-in-portugal\/#breadcrumb"},"inLanguage":"en-US","potentialAction":[{"@type":"ReadAction","target":["https:\/\/www.vesamgroup.com\/en\/isabel-caetano-one-of-the-great-inspirations-of-womens-cycling-in-portugal\/"]}]},{"@type":"BreadcrumbList","@id":"https:\/\/www.vesamgroup.com\/en\/isabel-caetano-one-of-the-great-inspirations-of-womens-cycling-in-portugal\/#breadcrumb","itemListElement":[{"@type":"ListItem","position":1,"name":"Home","item":"https:\/\/www.vesamgroup.com\/en\/"},{"@type":"ListItem","position":2,"name":"Isabel Caetano: One of the great inspirations of women&#8217;s cycling in Portugal"}]},{"@type":"WebSite","@id":"https:\/\/www.vesamgroup.com\/en\/#website","url":"https:\/\/www.vesamgroup.com\/en\/","name":"VESAM","description":"Pioneiros a criar solu\u00e7\u00f5es integradas e inovadoras em estruturas met\u00e1licas e mistas.","publisher":{"@id":"https:\/\/www.vesamgroup.com\/en\/#organization"},"potentialAction":[{"@type":"SearchAction","target":{"@type":"EntryPoint","urlTemplate":"https:\/\/www.vesamgroup.com\/en\/?s={search_term_string}"},"query-input":"required name=search_term_string"}],"inLanguage":"en-US"},{"@type":"Organization","@id":"https:\/\/www.vesamgroup.com\/en\/#organization","name":"Vesam","url":"https:\/\/www.vesamgroup.com\/en\/","logo":{"@type":"ImageObject","inLanguage":"en-US","@id":"https:\/\/www.vesamgroup.com\/en\/#\/schema\/logo\/image\/","url":"https:\/\/www.vesamgroup.com\/wp-content\/uploads\/2021\/04\/VESAM-Logo.png","contentUrl":"https:\/\/www.vesamgroup.com\/wp-content\/uploads\/2021\/04\/VESAM-Logo.png","width":243,"height":90,"caption":"Vesam"},"image":{"@id":"https:\/\/www.vesamgroup.com\/en\/#\/schema\/logo\/image\/"}},{"@type":"Person","@id":"https:\/\/www.vesamgroup.com\/en\/#\/schema\/person\/7541dc58dfc5ab0542e291a13346d929","name":"S\u00edlvia Carvalho"}]}},"_links":{"self":[{"href":"https:\/\/www.vesamgroup.com\/en\/wp-json\/wp\/v2\/posts\/16097"}],"collection":[{"href":"https:\/\/www.vesamgroup.com\/en\/wp-json\/wp\/v2\/posts"}],"about":[{"href":"https:\/\/www.vesamgroup.com\/en\/wp-json\/wp\/v2\/types\/post"}],"author":[{"embeddable":true,"href":"https:\/\/www.vesamgroup.com\/en\/wp-json\/wp\/v2\/users\/5"}],"replies":[{"embeddable":true,"href":"https:\/\/www.vesamgroup.com\/en\/wp-json\/wp\/v2\/comments?post=16097"}],"version-history":[{"count":5,"href":"https:\/\/www.vesamgroup.com\/en\/wp-json\/wp\/v2\/posts\/16097\/revisions"}],"predecessor-version":[{"id":16105,"href":"https:\/\/www.vesamgroup.com\/en\/wp-json\/wp\/v2\/posts\/16097\/revisions\/16105"}],"wp:featuredmedia":[{"embeddable":true,"href":"https:\/\/www.vesamgroup.com\/en\/wp-json\/wp\/v2\/media\/16065"}],"wp:attachment":[{"href":"https:\/\/www.vesamgroup.com\/en\/wp-json\/wp\/v2\/media?parent=16097"}],"wp:term":[{"taxonomy":"category","embeddable":true,"href":"https:\/\/www.vesamgroup.com\/en\/wp-json\/wp\/v2\/categories?post=16097"},{"taxonomy":"post_tag","embeddable":true,"href":"https:\/\/www.vesamgroup.com\/en\/wp-json\/wp\/v2\/tags?post=16097"}],"curies":[{"name":"wp","href":"https:\/\/api.w.org\/{rel}","templated":true}]}}