{"id":11414,"date":"2021-07-16T14:55:16","date_gmt":"2021-07-16T14:55:16","guid":{"rendered":"https:\/\/www.vesamgroup.com\/sede-escritorios-paris\/"},"modified":"2021-10-26T13:32:29","modified_gmt":"2021-10-26T13:32:29","slug":"bureaux-du-siege-paris","status":"publish","type":"post","link":"https:\/\/www.vesamgroup.com\/fr\/bureaux-du-siege-paris\/","title":{"rendered":"Bureaux Du Si\u00e9ge &#8211; Paris"},"content":{"rendered":"\t\t<div data-elementor-type=\"wp-post\" data-elementor-id=\"11414\" class=\"elementor elementor-11414\">\n\t\t\t\t\t\t\t\t\t<section class=\"elementor-section elementor-top-section elementor-element elementor-element-c5005d4 elementor-section-full_width elementor-section-height-default elementor-section-height-default qodef-elementor-content-no\" data-id=\"c5005d4\" data-element_type=\"section\">\n\t\t\t\t\t\t<div class=\"elementor-container elementor-column-gap-default\">\n\t\t\t\t\t<div class=\"elementor-column elementor-col-100 elementor-top-column elementor-element elementor-element-a477b09\" data-id=\"a477b09\" data-element_type=\"column\">\n\t\t\t<div class=\"elementor-widget-wrap elementor-element-populated\">\n\t\t\t\t\t\t\t\t<div class=\"elementor-element elementor-element-f84cf33 elementor-widget elementor-widget-text-editor\" data-id=\"f84cf33\" data-element_type=\"widget\" data-widget_type=\"text-editor.default\">\n\t\t\t\t<div class=\"elementor-widget-container\">\n\t\t\t\t\t\t\t<p>Vesam a \u00e9t\u00e9 charg\u00e9 de la conception, de la pr\u00e9paration, de la fabrication et du montage de la structure d&rsquo;un immeuble de bureaux \u00e0 Noisy-Le-Grand. Le b\u00e2timent est compos\u00e9 de 2 \u00e9tages, et a la particularit\u00e9 d&rsquo;avoir un toit accessible, qui est divis\u00e9 en zones avec de la v\u00e9g\u00e9tation, et des zones avec des terrasses en bois. Il poss\u00e8de \u00e9galement un escalier en m\u00e9tal qui relie l&rsquo;\u00e9tage 0 \u00e0 l&rsquo;\u00e9tage 3.<\/p>\t\t\t\t\t\t<\/div>\n\t\t\t\t<\/div>\n\t\t\t\t<div class=\"elementor-element elementor-element-b0d408f elementor-widget elementor-widget-stal_core_image_gallery\" data-id=\"b0d408f\" data-element_type=\"widget\" data-widget_type=\"stal_core_image_gallery.default\">\n\t\t\t\t<div class=\"elementor-widget-container\">\n\t\t\t<div class=\"qodef-shortcode qodef-m  qodef-image-gallery  qodef-grid qodef-layout--columns  qodef-gutter--normal qodef-col-num--2  qodef-responsive--predefined\">\n    <div class=\"qodef-grid-inner clear\">\n\t\t<div class=\"qodef-e qodef-image-wrapper qodef-grid-item\">\n\t\t\t<img loading=\"lazy\" width=\"1280\" height=\"622\" src=\"https:\/\/www.vesamgroup.com\/wp-content\/uploads\/2021\/06\/IMG-20200812-WA0048.jpg\" class=\"attachment-full size-full\" alt=\"\" decoding=\"async\" srcset=\"https:\/\/www.vesamgroup.com\/wp-content\/uploads\/2021\/06\/IMG-20200812-WA0048.jpg 1280w, https:\/\/www.vesamgroup.com\/wp-content\/uploads\/2021\/06\/IMG-20200812-WA0048-300x146.jpg 300w, https:\/\/www.vesamgroup.com\/wp-content\/uploads\/2021\/06\/IMG-20200812-WA0048-1024x498.jpg 1024w, https:\/\/www.vesamgroup.com\/wp-content\/uploads\/2021\/06\/IMG-20200812-WA0048-768x373.jpg 768w\" sizes=\"(max-width: 1280px) 100vw, 1280px\" \/>\t<\/div><div class=\"qodef-e qodef-image-wrapper qodef-grid-item\">\n\t\t\t<img loading=\"lazy\" width=\"1280\" height=\"622\" src=\"https:\/\/www.vesamgroup.com\/wp-content\/uploads\/2021\/06\/IMG-20200812-WA0064.jpg\" class=\"attachment-full size-full\" alt=\"\" decoding=\"async\" srcset=\"https:\/\/www.vesamgroup.com\/wp-content\/uploads\/2021\/06\/IMG-20200812-WA0064.jpg 1280w, https:\/\/www.vesamgroup.com\/wp-content\/uploads\/2021\/06\/IMG-20200812-WA0064-300x146.jpg 300w, https:\/\/www.vesamgroup.com\/wp-content\/uploads\/2021\/06\/IMG-20200812-WA0064-1024x498.jpg 1024w, https:\/\/www.vesamgroup.com\/wp-content\/uploads\/2021\/06\/IMG-20200812-WA0064-768x373.jpg 768w\" sizes=\"(max-width: 1280px) 100vw, 1280px\" \/>\t<\/div>    <\/div>\n<\/div>\t\t<\/div>\n\t\t\t\t<\/div>\n\t\t\t\t\t<\/div>\n\t\t<\/div>\n\t\t\t\t\t\t\t<\/div>\n\t\t<\/section>\n\t\t\t\t<section class=\"elementor-section elementor-top-section elementor-element elementor-element-be3a4d9 elementor-section-full_width elementor-section-height-default elementor-section-height-default qodef-elementor-content-no\" data-id=\"be3a4d9\" data-element_type=\"section\">\n\t\t\t\t\t\t<div class=\"elementor-container elementor-column-gap-default\">\n\t\t\t\t\t<div class=\"elementor-column elementor-col-100 elementor-top-column elementor-element elementor-element-759eb2c\" data-id=\"759eb2c\" data-element_type=\"column\">\n\t\t\t<div class=\"elementor-widget-wrap\">\n\t\t\t\t\t\t\t\t\t<\/div>\n\t\t<\/div>\n\t\t\t\t\t\t\t<\/div>\n\t\t<\/section>\n\t\t\t\t\t\t\t<\/div>\n\t\t","protected":false},"excerpt":{"rendered":"<p>Vesam a \u00e9t\u00e9 charg\u00e9 de la structure d\u2019un immeuble de bureaux \u00e0 Noisy-Le-Grand.<\/p>\n","protected":false},"author":4,"featured_media":10334,"comment_status":"closed","ping_status":"closed","sticky":false,"template":"","format":"gallery","meta":{"footnotes":""},"categories":[88],"tags":[],"yoast_head":"<!-- This site is optimized with the Yoast SEO plugin v21.3 - https:\/\/yoast.com\/wordpress\/plugins\/seo\/ -->\n<title>Bureaux Du Si\u00e9ge - Paris - VESAM<\/title>\n<meta name=\"description\" content=\"Vesam a \u00e9t\u00e9 charg\u00e9 de la conception, de la pr\u00e9paration, de la fabrication et du montage de la structure d\u2019un immeuble de bureaux \u00e0 Noisy-Le-Grand.\" \/>\n<meta name=\"robots\" content=\"index, follow, max-snippet:-1, max-image-preview:large, max-video-preview:-1\" \/>\n<link rel=\"canonical\" href=\"https:\/\/www.vesamgroup.com\/fr\/bureaux-du-siege-paris\/\" \/>\n<meta property=\"og:locale\" content=\"fr_FR\" \/>\n<meta property=\"og:type\" content=\"article\" \/>\n<meta property=\"og:title\" content=\"Bureaux Du Si\u00e9ge - Paris - VESAM\" \/>\n<meta property=\"og:description\" content=\"Vesam a \u00e9t\u00e9 charg\u00e9 de la conception, de la pr\u00e9paration, de la fabrication et du montage de la structure d\u2019un immeuble de bureaux \u00e0 Noisy-Le-Grand.\" \/>\n<meta property=\"og:url\" content=\"https:\/\/www.vesamgroup.com\/fr\/bureaux-du-siege-paris\/\" \/>\n<meta property=\"og:site_name\" content=\"VESAM\" \/>\n<meta property=\"article:published_time\" content=\"2021-07-16T14:55:16+00:00\" \/>\n<meta property=\"article:modified_time\" content=\"2021-10-26T13:32:29+00:00\" \/>\n<meta property=\"og:image\" content=\"https:\/\/www.vesamgroup.com\/wp-content\/uploads\/2021\/06\/IMG-20200812-WA0048.jpg\" \/>\n\t<meta property=\"og:image:width\" content=\"1280\" \/>\n\t<meta property=\"og:image:height\" content=\"622\" \/>\n\t<meta property=\"og:image:type\" content=\"image\/jpeg\" \/>\n<meta name=\"author\" content=\"Ana Oliveira\" \/>\n<meta name=\"twitter:card\" content=\"summary_large_image\" \/>\n<meta name=\"twitter:label1\" content=\"\u00c9crit par\" \/>\n\t<meta name=\"twitter:data1\" content=\"Ana Oliveira\" \/>\n\t<meta name=\"twitter:label2\" content=\"Dur\u00e9e de lecture estim\u00e9e\" \/>\n\t<meta name=\"twitter:data2\" content=\"1 minute\" \/>\n<script type=\"application\/ld+json\" class=\"yoast-schema-graph\">{\"@context\":\"https:\/\/schema.org\",\"@graph\":[{\"@type\":\"Article\",\"@id\":\"https:\/\/www.vesamgroup.com\/fr\/bureaux-du-siege-paris\/#article\",\"isPartOf\":{\"@id\":\"https:\/\/www.vesamgroup.com\/fr\/bureaux-du-siege-paris\/\"},\"author\":{\"name\":\"Ana Oliveira\",\"@id\":\"https:\/\/www.vesamgroup.com\/fr\/#\/schema\/person\/2350da1454a6e949780943c06735ff37\"},\"headline\":\"Bureaux Du Si\u00e9ge &#8211; Paris\",\"datePublished\":\"2021-07-16T14:55:16+00:00\",\"dateModified\":\"2021-10-26T13:32:29+00:00\",\"mainEntityOfPage\":{\"@id\":\"https:\/\/www.vesamgroup.com\/fr\/bureaux-du-siege-paris\/\"},\"wordCount\":80,\"publisher\":{\"@id\":\"https:\/\/www.vesamgroup.com\/fr\/#organization\"},\"articleSection\":[\"Nouvelles\"],\"inLanguage\":\"fr-FR\"},{\"@type\":\"WebPage\",\"@id\":\"https:\/\/www.vesamgroup.com\/fr\/bureaux-du-siege-paris\/\",\"url\":\"https:\/\/www.vesamgroup.com\/fr\/bureaux-du-siege-paris\/\",\"name\":\"Bureaux Du Si\u00e9ge - Paris - VESAM\",\"isPartOf\":{\"@id\":\"https:\/\/www.vesamgroup.com\/fr\/#website\"},\"datePublished\":\"2021-07-16T14:55:16+00:00\",\"dateModified\":\"2021-10-26T13:32:29+00:00\",\"description\":\"Vesam a \u00e9t\u00e9 charg\u00e9 de la conception, de la pr\u00e9paration, de la fabrication et du montage de la structure d\u2019un immeuble de bureaux \u00e0 Noisy-Le-Grand.\",\"breadcrumb\":{\"@id\":\"https:\/\/www.vesamgroup.com\/fr\/bureaux-du-siege-paris\/#breadcrumb\"},\"inLanguage\":\"fr-FR\",\"potentialAction\":[{\"@type\":\"ReadAction\",\"target\":[\"https:\/\/www.vesamgroup.com\/fr\/bureaux-du-siege-paris\/\"]}]},{\"@type\":\"BreadcrumbList\",\"@id\":\"https:\/\/www.vesamgroup.com\/fr\/bureaux-du-siege-paris\/#breadcrumb\",\"itemListElement\":[{\"@type\":\"ListItem\",\"position\":1,\"name\":\"Home\",\"item\":\"https:\/\/www.vesamgroup.com\/fr\/\"},{\"@type\":\"ListItem\",\"position\":2,\"name\":\"Bureaux Du Si\u00e9ge &#8211; Paris\"}]},{\"@type\":\"WebSite\",\"@id\":\"https:\/\/www.vesamgroup.com\/fr\/#website\",\"url\":\"https:\/\/www.vesamgroup.com\/fr\/\",\"name\":\"VESAM\",\"description\":\"Pioneiros a criar solu\u00e7\u00f5es integradas e inovadoras em estruturas met\u00e1licas e mistas.\",\"publisher\":{\"@id\":\"https:\/\/www.vesamgroup.com\/fr\/#organization\"},\"potentialAction\":[{\"@type\":\"SearchAction\",\"target\":{\"@type\":\"EntryPoint\",\"urlTemplate\":\"https:\/\/www.vesamgroup.com\/fr\/?s={search_term_string}\"},\"query-input\":\"required name=search_term_string\"}],\"inLanguage\":\"fr-FR\"},{\"@type\":\"Organization\",\"@id\":\"https:\/\/www.vesamgroup.com\/fr\/#organization\",\"name\":\"Vesam\",\"url\":\"https:\/\/www.vesamgroup.com\/fr\/\",\"logo\":{\"@type\":\"ImageObject\",\"inLanguage\":\"fr-FR\",\"@id\":\"https:\/\/www.vesamgroup.com\/fr\/#\/schema\/logo\/image\/\",\"url\":\"https:\/\/www.vesamgroup.com\/wp-content\/uploads\/2021\/04\/VESAM-Logo.png\",\"contentUrl\":\"https:\/\/www.vesamgroup.com\/wp-content\/uploads\/2021\/04\/VESAM-Logo.png\",\"width\":243,\"height\":90,\"caption\":\"Vesam\"},\"image\":{\"@id\":\"https:\/\/www.vesamgroup.com\/fr\/#\/schema\/logo\/image\/\"}},{\"@type\":\"Person\",\"@id\":\"https:\/\/www.vesamgroup.com\/fr\/#\/schema\/person\/2350da1454a6e949780943c06735ff37\",\"name\":\"Ana Oliveira\"}]}<\/script>\n<!-- \/ Yoast SEO plugin. -->","yoast_head_json":{"title":"Bureaux Du Si\u00e9ge - Paris - VESAM","description":"Vesam a \u00e9t\u00e9 charg\u00e9 de la conception, de la pr\u00e9paration, de la fabrication et du montage de la structure d\u2019un immeuble de bureaux \u00e0 Noisy-Le-Grand.","robots":{"index":"index","follow":"follow","max-snippet":"max-snippet:-1","max-image-preview":"max-image-preview:large","max-video-preview":"max-video-preview:-1"},"canonical":"https:\/\/www.vesamgroup.com\/fr\/bureaux-du-siege-paris\/","og_locale":"fr_FR","og_type":"article","og_title":"Bureaux Du Si\u00e9ge - Paris - VESAM","og_description":"Vesam a \u00e9t\u00e9 charg\u00e9 de la conception, de la pr\u00e9paration, de la fabrication et du montage de la structure d\u2019un immeuble de bureaux \u00e0 Noisy-Le-Grand.","og_url":"https:\/\/www.vesamgroup.com\/fr\/bureaux-du-siege-paris\/","og_site_name":"VESAM","article_published_time":"2021-07-16T14:55:16+00:00","article_modified_time":"2021-10-26T13:32:29+00:00","og_image":[{"width":1280,"height":622,"url":"https:\/\/www.vesamgroup.com\/wp-content\/uploads\/2021\/06\/IMG-20200812-WA0048.jpg","type":"image\/jpeg"}],"author":"Ana Oliveira","twitter_card":"summary_large_image","twitter_misc":{"\u00c9crit par":"Ana Oliveira","Dur\u00e9e de lecture estim\u00e9e":"1 minute"},"schema":{"@context":"https:\/\/schema.org","@graph":[{"@type":"Article","@id":"https:\/\/www.vesamgroup.com\/fr\/bureaux-du-siege-paris\/#article","isPartOf":{"@id":"https:\/\/www.vesamgroup.com\/fr\/bureaux-du-siege-paris\/"},"author":{"name":"Ana Oliveira","@id":"https:\/\/www.vesamgroup.com\/fr\/#\/schema\/person\/2350da1454a6e949780943c06735ff37"},"headline":"Bureaux Du Si\u00e9ge &#8211; Paris","datePublished":"2021-07-16T14:55:16+00:00","dateModified":"2021-10-26T13:32:29+00:00","mainEntityOfPage":{"@id":"https:\/\/www.vesamgroup.com\/fr\/bureaux-du-siege-paris\/"},"wordCount":80,"publisher":{"@id":"https:\/\/www.vesamgroup.com\/fr\/#organization"},"articleSection":["Nouvelles"],"inLanguage":"fr-FR"},{"@type":"WebPage","@id":"https:\/\/www.vesamgroup.com\/fr\/bureaux-du-siege-paris\/","url":"https:\/\/www.vesamgroup.com\/fr\/bureaux-du-siege-paris\/","name":"Bureaux Du Si\u00e9ge - Paris - VESAM","isPartOf":{"@id":"https:\/\/www.vesamgroup.com\/fr\/#website"},"datePublished":"2021-07-16T14:55:16+00:00","dateModified":"2021-10-26T13:32:29+00:00","description":"Vesam a \u00e9t\u00e9 charg\u00e9 de la conception, de la pr\u00e9paration, de la fabrication et du montage de la structure d\u2019un immeuble de bureaux \u00e0 Noisy-Le-Grand.","breadcrumb":{"@id":"https:\/\/www.vesamgroup.com\/fr\/bureaux-du-siege-paris\/#breadcrumb"},"inLanguage":"fr-FR","potentialAction":[{"@type":"ReadAction","target":["https:\/\/www.vesamgroup.com\/fr\/bureaux-du-siege-paris\/"]}]},{"@type":"BreadcrumbList","@id":"https:\/\/www.vesamgroup.com\/fr\/bureaux-du-siege-paris\/#breadcrumb","itemListElement":[{"@type":"ListItem","position":1,"name":"Home","item":"https:\/\/www.vesamgroup.com\/fr\/"},{"@type":"ListItem","position":2,"name":"Bureaux Du Si\u00e9ge &#8211; Paris"}]},{"@type":"WebSite","@id":"https:\/\/www.vesamgroup.com\/fr\/#website","url":"https:\/\/www.vesamgroup.com\/fr\/","name":"VESAM","description":"Pioneiros a criar solu\u00e7\u00f5es integradas e inovadoras em estruturas met\u00e1licas e mistas.","publisher":{"@id":"https:\/\/www.vesamgroup.com\/fr\/#organization"},"potentialAction":[{"@type":"SearchAction","target":{"@type":"EntryPoint","urlTemplate":"https:\/\/www.vesamgroup.com\/fr\/?s={search_term_string}"},"query-input":"required name=search_term_string"}],"inLanguage":"fr-FR"},{"@type":"Organization","@id":"https:\/\/www.vesamgroup.com\/fr\/#organization","name":"Vesam","url":"https:\/\/www.vesamgroup.com\/fr\/","logo":{"@type":"ImageObject","inLanguage":"fr-FR","@id":"https:\/\/www.vesamgroup.com\/fr\/#\/schema\/logo\/image\/","url":"https:\/\/www.vesamgroup.com\/wp-content\/uploads\/2021\/04\/VESAM-Logo.png","contentUrl":"https:\/\/www.vesamgroup.com\/wp-content\/uploads\/2021\/04\/VESAM-Logo.png","width":243,"height":90,"caption":"Vesam"},"image":{"@id":"https:\/\/www.vesamgroup.com\/fr\/#\/schema\/logo\/image\/"}},{"@type":"Person","@id":"https:\/\/www.vesamgroup.com\/fr\/#\/schema\/person\/2350da1454a6e949780943c06735ff37","name":"Ana Oliveira"}]}},"_links":{"self":[{"href":"https:\/\/www.vesamgroup.com\/fr\/wp-json\/wp\/v2\/posts\/11414"}],"collection":[{"href":"https:\/\/www.vesamgroup.com\/fr\/wp-json\/wp\/v2\/posts"}],"about":[{"href":"https:\/\/www.vesamgroup.com\/fr\/wp-json\/wp\/v2\/types\/post"}],"author":[{"embeddable":true,"href":"https:\/\/www.vesamgroup.com\/fr\/wp-json\/wp\/v2\/users\/4"}],"replies":[{"embeddable":true,"href":"https:\/\/www.vesamgroup.com\/fr\/wp-json\/wp\/v2\/comments?post=11414"}],"version-history":[{"count":10,"href":"https:\/\/www.vesamgroup.com\/fr\/wp-json\/wp\/v2\/posts\/11414\/revisions"}],"predecessor-version":[{"id":12780,"href":"https:\/\/www.vesamgroup.com\/fr\/wp-json\/wp\/v2\/posts\/11414\/revisions\/12780"}],"wp:featuredmedia":[{"embeddable":true,"href":"https:\/\/www.vesamgroup.com\/fr\/wp-json\/wp\/v2\/media\/10334"}],"wp:attachment":[{"href":"https:\/\/www.vesamgroup.com\/fr\/wp-json\/wp\/v2\/media?parent=11414"}],"wp:term":[{"taxonomy":"category","embeddable":true,"href":"https:\/\/www.vesamgroup.com\/fr\/wp-json\/wp\/v2\/categories?post=11414"},{"taxonomy":"post_tag","embeddable":true,"href":"https:\/\/www.vesamgroup.com\/fr\/wp-json\/wp\/v2\/tags?post=11414"}],"curies":[{"name":"wp","href":"https:\/\/api.w.org\/{rel}","templated":true}]}}