{"id":12417,"date":"2022-01-04T10:22:21","date_gmt":"2022-01-04T10:22:21","guid":{"rendered":"https:\/\/www.vesamgroup.com\/?p=12417"},"modified":"2022-01-26T17:25:15","modified_gmt":"2022-01-26T17:25:15","slug":"filipe-santos-la-classe-exc4-nous-place-exactement-a-ou-nous-appartenons","status":"publish","type":"post","link":"https:\/\/www.vesamgroup.com\/fr\/filipe-santos-la-classe-exc4-nous-place-exactement-a-ou-nous-appartenons\/","title":{"rendered":"Filipe Santos : \u00ab La classe EXC4 nous place exactement \u00e0 o\u00f9 nous appartenons\u00bb"},"content":{"rendered":"\t\t<div data-elementor-type=\"wp-post\" data-elementor-id=\"12417\" class=\"elementor elementor-12417\">\n\t\t\t\t\t\t\t\t\t<section class=\"elementor-section elementor-top-section elementor-element elementor-element-c5005d4 elementor-section-full_width elementor-section-height-default elementor-section-height-default qodef-elementor-content-no\" data-id=\"c5005d4\" data-element_type=\"section\">\n\t\t\t\t\t\t<div class=\"elementor-container elementor-column-gap-default\">\n\t\t\t\t\t<div class=\"elementor-column elementor-col-100 elementor-top-column elementor-element elementor-element-a477b09\" data-id=\"a477b09\" data-element_type=\"column\">\n\t\t\t<div class=\"elementor-widget-wrap elementor-element-populated\">\n\t\t\t\t\t\t\t\t<div class=\"elementor-element elementor-element-f84cf33 elementor-widget elementor-widget-text-editor\" data-id=\"f84cf33\" data-element_type=\"widget\" data-widget_type=\"text-editor.default\">\n\t\t\t\t<div class=\"elementor-widget-container\">\n\t\t\t\t\t\t\t<p>La classe EXC4 est le plus haut niveau de classification qu&rsquo;une entreprise peut obtenir pour la fabrication de structures m\u00e9talliques, dans le cadre de la norme EN 1090 \u2013 Marquage CE. Seul un nombre tr\u00e8s limit\u00e9 de constructeurs dispose de ce niveau, compte tenu des exigences de ce r\u00e9f\u00e9rentiel normatif et des exigences de son maintien.<\/p><p>Filipe Santos, PDG, explique pourquoi VESAM a d\u00e9cid\u00e9 de se positionner \u00e0 ce niveau restreint.<\/p><p><strong>Pourquoi le marquage CE ?<\/strong><\/p><p><em>\u00ab Premi\u00e8rement, il s&rsquo;agit d&rsquo;une conformit\u00e9 l\u00e9gale absolument n\u00e9cessaire pour r\u00e9glementer le secteur. Le marquage CE introduit une garantie aux clients que la fabrication des structures est conforme aux meilleures pratiques du secteur. Nous avons \u00e9t\u00e9 les premiers au Portugal \u00e0 avoir le marquage CE en 2011, avant m\u00eame qu&rsquo;il soit obligatoire, et nous l&rsquo;avons fait car c&rsquo;est dans notre ADN d&rsquo;\u00eatre un phare des meilleures pratiques et de l&rsquo;innovation dans ce secteur.<\/em><\/p><p><strong>Quel impact la certification EN 1090 a-t-elle eu sur l&rsquo;organisation ?<\/strong><\/p><p><em>\u00ab D&rsquo;abord, cela nous a oblig\u00e9s \u00e0 syst\u00e9matiser. Cette syst\u00e9matisation \u00e9tait si profonde qu&rsquo;aujourd&rsquo;hui nous ne saurions le faire autrement. D&rsquo;autre part, nous contribuons \u00e0 un ph\u00e9nom\u00e8ne d&rsquo;acculturation de nos fournisseurs et partenaires, les poussant \u00e0 se conformer aux exigences fondamentales de la Norme. Ce processus nous donne une certaine satisfaction, car nous pensons que nous apportons une contribution positive \u00e0 l&rsquo;am\u00e9lioration de la qualit\u00e9 de l&rsquo;ensemble de la cha\u00eene d&rsquo;approvisionnement.<\/em><\/p><p><strong>Qu&rsquo;est-ce qui change de la classe EXC3 \u00e0 l&rsquo;EXC4 ?<\/strong><\/p><p><em>\u00ab La grande diff\u00e9rence r\u00e9side dans la rigueur. La Classe EXC3 garantit d\u00e9j\u00e0 en soi, un ensemble d&rsquo;attributs tels que la tra\u00e7abilit\u00e9 des mati\u00e8res, des op\u00e9rations et des contr\u00f4les, capables d&rsquo;assurer un tr\u00e8s haut niveau de qualit\u00e9, mais dans le contexte EXC4, les param\u00e8tres sont plus rigoureux. Dans pratiquement toutes les \u00e9tapes de production, des crit\u00e8res plus stricts sont introduites, du niveau de d\u00e9coupe des mat\u00e9riaux, en passant par le crit\u00e8re d&rsquo;acceptation des soudures, jusqu&rsquo;aux tol\u00e9rances dimensionnelles des pi\u00e8ces. Cette mont\u00e9e en rigueur pose \u00e9galement un d\u00e9fi aux \u00e9quipes de planification et aux op\u00e9rateurs. Il n&rsquo;y a pas de qualit\u00e9 de produit sans qualit\u00e9 des personnes. La formation aura tendance \u00e0 \u00eatre la priorit\u00e9 et l&rsquo;investissement continu, si nous voulons \u00eatre \u00e0 ce niveau. Le d\u00e9fi est dans les gens.<\/em><\/p>\t\t\t\t\t\t<\/div>\n\t\t\t\t<\/div>\n\t\t\t\t\t<\/div>\n\t\t<\/div>\n\t\t\t\t\t\t\t<\/div>\n\t\t<\/section>\n\t\t\t\t\t\t\t<\/div>\n\t\t","protected":false},"excerpt":{"rendered":"<p>Filipe Santos, PDG de Vesam, nous parle de la strat\u00e9gie et des motivations qui ont conduit \u00e0 l&rsquo;obtention de la classe EXC4.<\/p>\n","protected":false},"author":4,"featured_media":12595,"comment_status":"closed","ping_status":"closed","sticky":false,"template":"","format":"gallery","meta":{"footnotes":""},"categories":[88],"tags":[],"yoast_head":"<!-- This site is optimized with the Yoast SEO plugin v21.3 - https:\/\/yoast.com\/wordpress\/plugins\/seo\/ -->\n<title>Filipe Santos : \u00ab La classe EXC4 nous place exactement \u00e0 o\u00f9 nous appartenons\u00bb - VESAM<\/title>\n<meta name=\"description\" content=\"Filipe Santos, PDG de Vesam, nous parle de la strat\u00e9gie et des motivations qui ont conduit \u00e0 l&#039;obtention de la classe EXC4.\" \/>\n<meta name=\"robots\" content=\"index, follow, max-snippet:-1, max-image-preview:large, max-video-preview:-1\" \/>\n<link rel=\"canonical\" href=\"https:\/\/www.vesamgroup.com\/fr\/filipe-santos-la-classe-exc4-nous-place-exactement-a-ou-nous-appartenons\/\" \/>\n<meta property=\"og:locale\" content=\"fr_FR\" \/>\n<meta property=\"og:type\" content=\"article\" \/>\n<meta property=\"og:title\" content=\"Filipe Santos : \u00ab La classe EXC4 nous place exactement \u00e0 o\u00f9 nous appartenons\u00bb - VESAM\" \/>\n<meta property=\"og:description\" content=\"Filipe Santos, PDG de Vesam, nous parle de la strat\u00e9gie et des motivations qui ont conduit \u00e0 l&#039;obtention de la classe EXC4.\" \/>\n<meta property=\"og:url\" content=\"https:\/\/www.vesamgroup.com\/fr\/filipe-santos-la-classe-exc4-nous-place-exactement-a-ou-nous-appartenons\/\" \/>\n<meta property=\"og:site_name\" content=\"VESAM\" \/>\n<meta property=\"article:published_time\" content=\"2022-01-04T10:22:21+00:00\" \/>\n<meta property=\"article:modified_time\" content=\"2022-01-26T17:25:15+00:00\" \/>\n<meta property=\"og:image\" content=\"https:\/\/www.vesamgroup.com\/wp-content\/uploads\/2021\/09\/Design-sem-nome-11.png\" \/>\n\t<meta property=\"og:image:width\" content=\"2900\" \/>\n\t<meta property=\"og:image:height\" content=\"1800\" \/>\n\t<meta property=\"og:image:type\" content=\"image\/png\" \/>\n<meta name=\"author\" content=\"Ana Oliveira\" \/>\n<meta name=\"twitter:card\" content=\"summary_large_image\" \/>\n<meta name=\"twitter:label1\" content=\"\u00c9crit par\" \/>\n\t<meta name=\"twitter:data1\" content=\"Ana Oliveira\" \/>\n\t<meta name=\"twitter:label2\" content=\"Dur\u00e9e de lecture estim\u00e9e\" \/>\n\t<meta name=\"twitter:data2\" content=\"2 minutes\" \/>\n<script type=\"application\/ld+json\" class=\"yoast-schema-graph\">{\"@context\":\"https:\/\/schema.org\",\"@graph\":[{\"@type\":\"Article\",\"@id\":\"https:\/\/www.vesamgroup.com\/fr\/filipe-santos-la-classe-exc4-nous-place-exactement-a-ou-nous-appartenons\/#article\",\"isPartOf\":{\"@id\":\"https:\/\/www.vesamgroup.com\/fr\/filipe-santos-la-classe-exc4-nous-place-exactement-a-ou-nous-appartenons\/\"},\"author\":{\"name\":\"Ana Oliveira\",\"@id\":\"https:\/\/www.vesamgroup.com\/fr\/#\/schema\/person\/2350da1454a6e949780943c06735ff37\"},\"headline\":\"Filipe Santos : \u00ab La classe EXC4 nous place exactement \u00e0 o\u00f9 nous appartenons\u00bb\",\"datePublished\":\"2022-01-04T10:22:21+00:00\",\"dateModified\":\"2022-01-26T17:25:15+00:00\",\"mainEntityOfPage\":{\"@id\":\"https:\/\/www.vesamgroup.com\/fr\/filipe-santos-la-classe-exc4-nous-place-exactement-a-ou-nous-appartenons\/\"},\"wordCount\":400,\"publisher\":{\"@id\":\"https:\/\/www.vesamgroup.com\/fr\/#organization\"},\"articleSection\":[\"Nouvelles\"],\"inLanguage\":\"fr-FR\"},{\"@type\":\"WebPage\",\"@id\":\"https:\/\/www.vesamgroup.com\/fr\/filipe-santos-la-classe-exc4-nous-place-exactement-a-ou-nous-appartenons\/\",\"url\":\"https:\/\/www.vesamgroup.com\/fr\/filipe-santos-la-classe-exc4-nous-place-exactement-a-ou-nous-appartenons\/\",\"name\":\"Filipe Santos : \u00ab La classe EXC4 nous place exactement \u00e0 o\u00f9 nous appartenons\u00bb - VESAM\",\"isPartOf\":{\"@id\":\"https:\/\/www.vesamgroup.com\/fr\/#website\"},\"datePublished\":\"2022-01-04T10:22:21+00:00\",\"dateModified\":\"2022-01-26T17:25:15+00:00\",\"description\":\"Filipe Santos, PDG de Vesam, nous parle de la strat\u00e9gie et des motivations qui ont conduit \u00e0 l'obtention de la classe EXC4.\",\"breadcrumb\":{\"@id\":\"https:\/\/www.vesamgroup.com\/fr\/filipe-santos-la-classe-exc4-nous-place-exactement-a-ou-nous-appartenons\/#breadcrumb\"},\"inLanguage\":\"fr-FR\",\"potentialAction\":[{\"@type\":\"ReadAction\",\"target\":[\"https:\/\/www.vesamgroup.com\/fr\/filipe-santos-la-classe-exc4-nous-place-exactement-a-ou-nous-appartenons\/\"]}]},{\"@type\":\"BreadcrumbList\",\"@id\":\"https:\/\/www.vesamgroup.com\/fr\/filipe-santos-la-classe-exc4-nous-place-exactement-a-ou-nous-appartenons\/#breadcrumb\",\"itemListElement\":[{\"@type\":\"ListItem\",\"position\":1,\"name\":\"Home\",\"item\":\"https:\/\/www.vesamgroup.com\/fr\/\"},{\"@type\":\"ListItem\",\"position\":2,\"name\":\"Filipe Santos : \u00ab La classe EXC4 nous place exactement \u00e0 o\u00f9 nous appartenons\u00bb\"}]},{\"@type\":\"WebSite\",\"@id\":\"https:\/\/www.vesamgroup.com\/fr\/#website\",\"url\":\"https:\/\/www.vesamgroup.com\/fr\/\",\"name\":\"VESAM\",\"description\":\"Pioneiros a criar solu\u00e7\u00f5es integradas e inovadoras em estruturas met\u00e1licas e mistas.\",\"publisher\":{\"@id\":\"https:\/\/www.vesamgroup.com\/fr\/#organization\"},\"potentialAction\":[{\"@type\":\"SearchAction\",\"target\":{\"@type\":\"EntryPoint\",\"urlTemplate\":\"https:\/\/www.vesamgroup.com\/fr\/?s={search_term_string}\"},\"query-input\":\"required name=search_term_string\"}],\"inLanguage\":\"fr-FR\"},{\"@type\":\"Organization\",\"@id\":\"https:\/\/www.vesamgroup.com\/fr\/#organization\",\"name\":\"Vesam\",\"url\":\"https:\/\/www.vesamgroup.com\/fr\/\",\"logo\":{\"@type\":\"ImageObject\",\"inLanguage\":\"fr-FR\",\"@id\":\"https:\/\/www.vesamgroup.com\/fr\/#\/schema\/logo\/image\/\",\"url\":\"https:\/\/www.vesamgroup.com\/wp-content\/uploads\/2021\/04\/VESAM-Logo.png\",\"contentUrl\":\"https:\/\/www.vesamgroup.com\/wp-content\/uploads\/2021\/04\/VESAM-Logo.png\",\"width\":243,\"height\":90,\"caption\":\"Vesam\"},\"image\":{\"@id\":\"https:\/\/www.vesamgroup.com\/fr\/#\/schema\/logo\/image\/\"}},{\"@type\":\"Person\",\"@id\":\"https:\/\/www.vesamgroup.com\/fr\/#\/schema\/person\/2350da1454a6e949780943c06735ff37\",\"name\":\"Ana Oliveira\"}]}<\/script>\n<!-- \/ Yoast SEO plugin. -->","yoast_head_json":{"title":"Filipe Santos : \u00ab La classe EXC4 nous place exactement \u00e0 o\u00f9 nous appartenons\u00bb - VESAM","description":"Filipe Santos, PDG de Vesam, nous parle de la strat\u00e9gie et des motivations qui ont conduit \u00e0 l'obtention de la classe EXC4.","robots":{"index":"index","follow":"follow","max-snippet":"max-snippet:-1","max-image-preview":"max-image-preview:large","max-video-preview":"max-video-preview:-1"},"canonical":"https:\/\/www.vesamgroup.com\/fr\/filipe-santos-la-classe-exc4-nous-place-exactement-a-ou-nous-appartenons\/","og_locale":"fr_FR","og_type":"article","og_title":"Filipe Santos : \u00ab La classe EXC4 nous place exactement \u00e0 o\u00f9 nous appartenons\u00bb - VESAM","og_description":"Filipe Santos, PDG de Vesam, nous parle de la strat\u00e9gie et des motivations qui ont conduit \u00e0 l'obtention de la classe EXC4.","og_url":"https:\/\/www.vesamgroup.com\/fr\/filipe-santos-la-classe-exc4-nous-place-exactement-a-ou-nous-appartenons\/","og_site_name":"VESAM","article_published_time":"2022-01-04T10:22:21+00:00","article_modified_time":"2022-01-26T17:25:15+00:00","og_image":[{"width":2900,"height":1800,"url":"https:\/\/www.vesamgroup.com\/wp-content\/uploads\/2021\/09\/Design-sem-nome-11.png","type":"image\/png"}],"author":"Ana Oliveira","twitter_card":"summary_large_image","twitter_misc":{"\u00c9crit par":"Ana Oliveira","Dur\u00e9e de lecture estim\u00e9e":"2 minutes"},"schema":{"@context":"https:\/\/schema.org","@graph":[{"@type":"Article","@id":"https:\/\/www.vesamgroup.com\/fr\/filipe-santos-la-classe-exc4-nous-place-exactement-a-ou-nous-appartenons\/#article","isPartOf":{"@id":"https:\/\/www.vesamgroup.com\/fr\/filipe-santos-la-classe-exc4-nous-place-exactement-a-ou-nous-appartenons\/"},"author":{"name":"Ana Oliveira","@id":"https:\/\/www.vesamgroup.com\/fr\/#\/schema\/person\/2350da1454a6e949780943c06735ff37"},"headline":"Filipe Santos : \u00ab La classe EXC4 nous place exactement \u00e0 o\u00f9 nous appartenons\u00bb","datePublished":"2022-01-04T10:22:21+00:00","dateModified":"2022-01-26T17:25:15+00:00","mainEntityOfPage":{"@id":"https:\/\/www.vesamgroup.com\/fr\/filipe-santos-la-classe-exc4-nous-place-exactement-a-ou-nous-appartenons\/"},"wordCount":400,"publisher":{"@id":"https:\/\/www.vesamgroup.com\/fr\/#organization"},"articleSection":["Nouvelles"],"inLanguage":"fr-FR"},{"@type":"WebPage","@id":"https:\/\/www.vesamgroup.com\/fr\/filipe-santos-la-classe-exc4-nous-place-exactement-a-ou-nous-appartenons\/","url":"https:\/\/www.vesamgroup.com\/fr\/filipe-santos-la-classe-exc4-nous-place-exactement-a-ou-nous-appartenons\/","name":"Filipe Santos : \u00ab La classe EXC4 nous place exactement \u00e0 o\u00f9 nous appartenons\u00bb - VESAM","isPartOf":{"@id":"https:\/\/www.vesamgroup.com\/fr\/#website"},"datePublished":"2022-01-04T10:22:21+00:00","dateModified":"2022-01-26T17:25:15+00:00","description":"Filipe Santos, PDG de Vesam, nous parle de la strat\u00e9gie et des motivations qui ont conduit \u00e0 l'obtention de la classe EXC4.","breadcrumb":{"@id":"https:\/\/www.vesamgroup.com\/fr\/filipe-santos-la-classe-exc4-nous-place-exactement-a-ou-nous-appartenons\/#breadcrumb"},"inLanguage":"fr-FR","potentialAction":[{"@type":"ReadAction","target":["https:\/\/www.vesamgroup.com\/fr\/filipe-santos-la-classe-exc4-nous-place-exactement-a-ou-nous-appartenons\/"]}]},{"@type":"BreadcrumbList","@id":"https:\/\/www.vesamgroup.com\/fr\/filipe-santos-la-classe-exc4-nous-place-exactement-a-ou-nous-appartenons\/#breadcrumb","itemListElement":[{"@type":"ListItem","position":1,"name":"Home","item":"https:\/\/www.vesamgroup.com\/fr\/"},{"@type":"ListItem","position":2,"name":"Filipe Santos : \u00ab La classe EXC4 nous place exactement \u00e0 o\u00f9 nous appartenons\u00bb"}]},{"@type":"WebSite","@id":"https:\/\/www.vesamgroup.com\/fr\/#website","url":"https:\/\/www.vesamgroup.com\/fr\/","name":"VESAM","description":"Pioneiros a criar solu\u00e7\u00f5es integradas e inovadoras em estruturas met\u00e1licas e mistas.","publisher":{"@id":"https:\/\/www.vesamgroup.com\/fr\/#organization"},"potentialAction":[{"@type":"SearchAction","target":{"@type":"EntryPoint","urlTemplate":"https:\/\/www.vesamgroup.com\/fr\/?s={search_term_string}"},"query-input":"required name=search_term_string"}],"inLanguage":"fr-FR"},{"@type":"Organization","@id":"https:\/\/www.vesamgroup.com\/fr\/#organization","name":"Vesam","url":"https:\/\/www.vesamgroup.com\/fr\/","logo":{"@type":"ImageObject","inLanguage":"fr-FR","@id":"https:\/\/www.vesamgroup.com\/fr\/#\/schema\/logo\/image\/","url":"https:\/\/www.vesamgroup.com\/wp-content\/uploads\/2021\/04\/VESAM-Logo.png","contentUrl":"https:\/\/www.vesamgroup.com\/wp-content\/uploads\/2021\/04\/VESAM-Logo.png","width":243,"height":90,"caption":"Vesam"},"image":{"@id":"https:\/\/www.vesamgroup.com\/fr\/#\/schema\/logo\/image\/"}},{"@type":"Person","@id":"https:\/\/www.vesamgroup.com\/fr\/#\/schema\/person\/2350da1454a6e949780943c06735ff37","name":"Ana Oliveira"}]}},"_links":{"self":[{"href":"https:\/\/www.vesamgroup.com\/fr\/wp-json\/wp\/v2\/posts\/12417"}],"collection":[{"href":"https:\/\/www.vesamgroup.com\/fr\/wp-json\/wp\/v2\/posts"}],"about":[{"href":"https:\/\/www.vesamgroup.com\/fr\/wp-json\/wp\/v2\/types\/post"}],"author":[{"embeddable":true,"href":"https:\/\/www.vesamgroup.com\/fr\/wp-json\/wp\/v2\/users\/4"}],"replies":[{"embeddable":true,"href":"https:\/\/www.vesamgroup.com\/fr\/wp-json\/wp\/v2\/comments?post=12417"}],"version-history":[{"count":9,"href":"https:\/\/www.vesamgroup.com\/fr\/wp-json\/wp\/v2\/posts\/12417\/revisions"}],"predecessor-version":[{"id":12437,"href":"https:\/\/www.vesamgroup.com\/fr\/wp-json\/wp\/v2\/posts\/12417\/revisions\/12437"}],"wp:featuredmedia":[{"embeddable":true,"href":"https:\/\/www.vesamgroup.com\/fr\/wp-json\/wp\/v2\/media\/12595"}],"wp:attachment":[{"href":"https:\/\/www.vesamgroup.com\/fr\/wp-json\/wp\/v2\/media?parent=12417"}],"wp:term":[{"taxonomy":"category","embeddable":true,"href":"https:\/\/www.vesamgroup.com\/fr\/wp-json\/wp\/v2\/categories?post=12417"},{"taxonomy":"post_tag","embeddable":true,"href":"https:\/\/www.vesamgroup.com\/fr\/wp-json\/wp\/v2\/tags?post=12417"}],"curies":[{"name":"wp","href":"https:\/\/api.w.org\/{rel}","templated":true}]}}