{"id":12474,"date":"2021-10-01T11:41:00","date_gmt":"2021-10-01T11:41:00","guid":{"rendered":"https:\/\/www.vesamgroup.com\/?p=12474"},"modified":"2021-10-04T15:36:15","modified_gmt":"2021-10-04T15:36:15","slug":"100-ponts-plus-tard","status":"publish","type":"post","link":"https:\/\/www.vesamgroup.com\/fr\/100-ponts-plus-tard\/","title":{"rendered":"100 ponts plus tard"},"content":{"rendered":"\t\t<div data-elementor-type=\"wp-post\" data-elementor-id=\"12474\" class=\"elementor elementor-12474\">\n\t\t\t\t\t\t\t\t\t<section class=\"elementor-section elementor-top-section elementor-element elementor-element-c5005d4 elementor-section-full_width elementor-section-height-default elementor-section-height-default qodef-elementor-content-no\" data-id=\"c5005d4\" data-element_type=\"section\">\n\t\t\t\t\t\t<div class=\"elementor-container elementor-column-gap-default\">\n\t\t\t\t\t<div class=\"elementor-column elementor-col-100 elementor-top-column elementor-element elementor-element-a477b09\" data-id=\"a477b09\" data-element_type=\"column\">\n\t\t\t<div class=\"elementor-widget-wrap elementor-element-populated\">\n\t\t\t\t\t\t\t\t<div class=\"elementor-element elementor-element-f84cf33 elementor-widget elementor-widget-text-editor\" data-id=\"f84cf33\" data-element_type=\"widget\" data-widget_type=\"text-editor.default\">\n\t\t\t\t<div class=\"elementor-widget-container\">\n\t\t\t\t\t\t\t<p>Au milieu de 2007, deux ans apr\u00e8s sa fondation, VESAM a commenc\u00e9 \u00e0 introduire une nouvelle approche de la conception des ponts m\u00e9talliques. <em>\u00ab\u00a0La plupart des concepteurs se sont concentr\u00e9s sur l&rsquo;optimisation de la structure pour r\u00e9duire les co\u00fbts de l&rsquo;acier, mais nous avons r\u00e9alis\u00e9 que dans les r\u00e9gions \u00e9loign\u00e9es, \u00e0 savoir en Angola et au Mozambique, les co\u00fbts les plus importants que les entrepreneurs avaient pour construire des ponts \u00e9taient dans les moyens de levage et de soudage sur site\u00a0\u00bb<\/em> &#8211; nous dit Filipe Santos, fondateur et PDG de Vesam. L&rsquo;approche de conception de Vesam a d\u00e9riv\u00e9 vers le co\u00fbt total de la construction, adaptant la conception du pont \u00e0 la disponibilit\u00e9 et \u00e0 la rentabilit\u00e9 des moyens de levage de la construction. La conception a toujours assur\u00e9 que la pi\u00e8ce la plus lourde serait manutentionn\u00e9e par les moyens existants pr\u00e9c\u00e9demment indiqu\u00e9s par le constructeur. D&rsquo;autre part, l&rsquo;ing\u00e9nierie Vesam a privil\u00e9gi\u00e9 les connexions boulonn\u00e9es \u00e0 la limite, cherchant \u00e0 \u00e9viter le besoin de soudage sur site qui, dans des endroits \u00e9loign\u00e9s, peut repr\u00e9senter une augmentation surprenante des co\u00fbts.<\/p>\t\t\t\t\t\t<\/div>\n\t\t\t\t<\/div>\n\t\t\t\t<div class=\"elementor-element elementor-element-aaff4a8 elementor-widget elementor-widget-image\" data-id=\"aaff4a8\" data-element_type=\"widget\" data-widget_type=\"image.default\">\n\t\t\t\t<div class=\"elementor-widget-container\">\n\t\t\t\t\t\t\t\t\t\t\t\t\t\t\t<img decoding=\"async\" loading=\"lazy\" width=\"943\" height=\"719\" src=\"https:\/\/www.vesamgroup.com\/wp-content\/uploads\/2021\/10\/ponte-queve-antes.png\" class=\"attachment-large size-large wp-image-12331\" alt=\"\" srcset=\"https:\/\/www.vesamgroup.com\/wp-content\/uploads\/2021\/10\/ponte-queve-antes.png 943w, https:\/\/www.vesamgroup.com\/wp-content\/uploads\/2021\/10\/ponte-queve-antes-300x229.png 300w, https:\/\/www.vesamgroup.com\/wp-content\/uploads\/2021\/10\/ponte-queve-antes-768x586.png 768w\" sizes=\"(max-width: 943px) 100vw, 943px\" \/>\t\t\t\t\t\t\t\t\t\t\t\t\t\t\t<\/div>\n\t\t\t\t<\/div>\n\t\t\t\t\t<\/div>\n\t\t<\/div>\n\t\t\t\t\t\t\t<\/div>\n\t\t<\/section>\n\t\t\t\t<section class=\"elementor-section elementor-top-section elementor-element elementor-element-60afa66 elementor-section-boxed elementor-section-height-default elementor-section-height-default qodef-elementor-content-no\" data-id=\"60afa66\" data-element_type=\"section\">\n\t\t\t\t\t\t<div class=\"elementor-container elementor-column-gap-default\">\n\t\t\t\t\t<div class=\"elementor-column elementor-col-100 elementor-top-column elementor-element elementor-element-516f079\" data-id=\"516f079\" data-element_type=\"column\">\n\t\t\t<div class=\"elementor-widget-wrap elementor-element-populated\">\n\t\t\t\t\t\t\t\t<div class=\"elementor-element elementor-element-9c063f5 elementor-widget elementor-widget-text-editor\" data-id=\"9c063f5\" data-element_type=\"widget\" data-widget_type=\"text-editor.default\">\n\t\t\t\t<div class=\"elementor-widget-container\">\n\t\t\t\t\t\t\t<p>Le premier pont Vesam a \u00e9t\u00e9 con\u00e7u et construit pendant 2006 et 2007, dans la province d\u2019Huambo, en Angola, et avait un tablier de 60 m\u00e8tres sur la rivi\u00e8re Keve.<\/p><p>\u00c0 ce jour, cette exp\u00e9rience ne s&rsquo;est pas limit\u00e9e aux seuls aspects de l&rsquo;ing\u00e9nierie et de la construction, mais bien au-del\u00e0, d&rsquo;un terrain qui avait encore des mines de la guerre civile \u00e9teinte aux visites sporadiques de crocodiles \u00e0 proximit\u00e9 du site.<\/p>\t\t\t\t\t\t<\/div>\n\t\t\t\t<\/div>\n\t\t\t\t\t<\/div>\n\t\t<\/div>\n\t\t\t\t\t\t\t<\/div>\n\t\t<\/section>\n\t\t\t\t<section class=\"elementor-section elementor-top-section elementor-element elementor-element-6ae8c78 elementor-section-boxed elementor-section-height-default elementor-section-height-default qodef-elementor-content-no\" data-id=\"6ae8c78\" data-element_type=\"section\">\n\t\t\t\t\t\t<div class=\"elementor-container elementor-column-gap-default\">\n\t\t\t\t\t<div class=\"elementor-column elementor-col-100 elementor-top-column elementor-element elementor-element-42afb83\" data-id=\"42afb83\" data-element_type=\"column\">\n\t\t\t<div class=\"elementor-widget-wrap elementor-element-populated\">\n\t\t\t\t\t\t\t\t<div class=\"elementor-element elementor-element-a546431 elementor-widget elementor-widget-image\" data-id=\"a546431\" data-element_type=\"widget\" data-widget_type=\"image.default\">\n\t\t\t\t<div class=\"elementor-widget-container\">\n\t\t\t\t\t\t\t\t\t\t\t\t\t\t\t<img decoding=\"async\" loading=\"lazy\" width=\"946\" height=\"720\" src=\"https:\/\/www.vesamgroup.com\/wp-content\/uploads\/2021\/10\/ponte-queve-virtualizacao.png\" class=\"attachment-large size-large wp-image-12334\" alt=\"\" srcset=\"https:\/\/www.vesamgroup.com\/wp-content\/uploads\/2021\/10\/ponte-queve-virtualizacao.png 946w, https:\/\/www.vesamgroup.com\/wp-content\/uploads\/2021\/10\/ponte-queve-virtualizacao-300x228.png 300w, https:\/\/www.vesamgroup.com\/wp-content\/uploads\/2021\/10\/ponte-queve-virtualizacao-768x585.png 768w\" sizes=\"(max-width: 946px) 100vw, 946px\" \/>\t\t\t\t\t\t\t\t\t\t\t\t\t\t\t<\/div>\n\t\t\t\t<\/div>\n\t\t\t\t\t<\/div>\n\t\t<\/div>\n\t\t\t\t\t\t\t<\/div>\n\t\t<\/section>\n\t\t\t\t<section class=\"elementor-section elementor-top-section elementor-element elementor-element-be3a4d9 elementor-section-full_width elementor-section-height-default elementor-section-height-default qodef-elementor-content-no\" data-id=\"be3a4d9\" data-element_type=\"section\">\n\t\t\t\t\t\t<div class=\"elementor-container elementor-column-gap-default\">\n\t\t\t\t\t<div class=\"elementor-column elementor-col-100 elementor-top-column elementor-element elementor-element-759eb2c\" data-id=\"759eb2c\" data-element_type=\"column\">\n\t\t\t<div class=\"elementor-widget-wrap elementor-element-populated\">\n\t\t\t\t\t\t\t\t<div class=\"elementor-element elementor-element-4ae1fbb elementor-widget elementor-widget-text-editor\" data-id=\"4ae1fbb\" data-element_type=\"widget\" data-widget_type=\"text-editor.default\">\n\t\t\t\t<div class=\"elementor-widget-container\">\n\t\t\t\t\t\t\t<p>Joaquim Rodrigues, \u00e9tait le directeur technique des travaux et raconte un \u00e9pisode inoubliable : <em>\u00ab Au d\u00e9but du montage, l&rsquo;ouvrage \u00e9tait approvisionn\u00e9 par un convoi de 5 camions qui transportait la structure le long d&rsquo;un chemin de terre. De ces 5 qui ont quitt\u00e9 le Port de Lobito, seuls les 4 premiers sont arriv\u00e9s sur site, le dernier ayant compl\u00e8tement disparu. \u00c0 cette \u00e9poque, les communications \u00e9taient difficiles ou presque impossibles et nous ne savions pas o\u00f9 se trouvait ce camion pendant cinq jours. Nous avons d\u00fb faire demi-tour et trouver le pauvre chauffeur au bord de la route avec le moteur du camion cass\u00e9 et aucune communication \u00bb.<\/em><\/p><p><span style=\"font-weight: var( --e-global-typography-text-font-weight );\">Les travaux n&rsquo;ont dur\u00e9 qu&rsquo;un mois, mais les exp\u00e9riences v\u00e9cues dans ce contexte perdurent jusqu&rsquo;\u00e0 aujourd&rsquo;hui, et nombre d&rsquo;entre elles ont \u00e9t\u00e9 une source d&rsquo;inspiration pour l\u2019ing\u00e9nierie de Vesam, qui n&rsquo;a cess\u00e9 depuis de d\u00e9velopper des solutions pour raccourcir les d\u00e9lais et r\u00e9duire les co\u00fbts.<\/span><\/p><p><span style=\"font-weight: var( --e-global-typography-text-font-weight );\">L&rsquo;avenir de l\u2019activit\u00e9 de ponts de Vesam pr\u00e9sente deux grands d\u00e9fis : le premier est de porter cette exp\u00e9rience consolid\u00e9e vers de nouvelles g\u00e9ographies, en continuant \u00e0 unir les peuples et \u00e0 contribuer \u00e0 am\u00e9liorer la qualit\u00e9 de vie des gens. La seconde est de p\u00e9renniser la vie utile des ponts gr\u00e2ce \u00e0 la surveillance et aux nouvelles technologies d&rsquo;intelligence artificielle qui permettent une action opportune et intelligente en mati\u00e8re de pr\u00e9vention et de maintenance.<\/span><\/p>\t\t\t\t\t\t<\/div>\n\t\t\t\t<\/div>\n\t\t\t\t\t<\/div>\n\t\t<\/div>\n\t\t\t\t\t\t\t<\/div>\n\t\t<\/section>\n\t\t\t\t\t\t\t<\/div>\n\t\t","protected":false},"excerpt":{"rendered":"<p>13 ans et 100 ponts plus tard, nous parlons du premier pont VESAM et projetons les futurs enjeux de ce secteur d&rsquo;activit\u00e9.<\/p>\n","protected":false},"author":4,"featured_media":12605,"comment_status":"closed","ping_status":"closed","sticky":false,"template":"","format":"gallery","meta":{"footnotes":""},"categories":[88],"tags":[],"yoast_head":"<!-- This site is optimized with the Yoast SEO plugin v21.3 - https:\/\/yoast.com\/wordpress\/plugins\/seo\/ -->\n<title>100 ponts plus tard - VESAM<\/title>\n<meta name=\"description\" content=\"13 ans et 100 ponts plus tard, nous parlons du premier pont VESAM et projetons les futurs enjeux de ce secteur d&#039;activit\u00e9.\" \/>\n<meta name=\"robots\" content=\"index, follow, max-snippet:-1, max-image-preview:large, max-video-preview:-1\" \/>\n<link rel=\"canonical\" href=\"https:\/\/www.vesamgroup.com\/fr\/100-ponts-plus-tard\/\" \/>\n<meta property=\"og:locale\" content=\"fr_FR\" \/>\n<meta property=\"og:type\" content=\"article\" \/>\n<meta property=\"og:title\" content=\"100 ponts plus tard - VESAM\" \/>\n<meta property=\"og:description\" content=\"13 ans et 100 ponts plus tard, nous parlons du premier pont VESAM et projetons les futurs enjeux de ce secteur d&#039;activit\u00e9.\" \/>\n<meta property=\"og:url\" content=\"https:\/\/www.vesamgroup.com\/fr\/100-ponts-plus-tard\/\" \/>\n<meta property=\"og:site_name\" content=\"VESAM\" \/>\n<meta property=\"article:published_time\" content=\"2021-10-01T11:41:00+00:00\" \/>\n<meta property=\"article:modified_time\" content=\"2021-10-04T15:36:15+00:00\" \/>\n<meta property=\"og:image\" content=\"https:\/\/www.vesamgroup.com\/wp-content\/uploads\/2021\/09\/foto-destaque-1-1024x636.png\" \/>\n\t<meta property=\"og:image:width\" content=\"1024\" \/>\n\t<meta property=\"og:image:height\" content=\"636\" \/>\n\t<meta property=\"og:image:type\" content=\"image\/png\" \/>\n<meta name=\"author\" content=\"Ana Oliveira\" \/>\n<meta name=\"twitter:card\" content=\"summary_large_image\" \/>\n<meta name=\"twitter:label1\" content=\"\u00c9crit par\" \/>\n\t<meta name=\"twitter:data1\" content=\"Ana Oliveira\" \/>\n\t<meta name=\"twitter:label2\" content=\"Dur\u00e9e de lecture estim\u00e9e\" \/>\n\t<meta name=\"twitter:data2\" content=\"3 minutes\" \/>\n<script type=\"application\/ld+json\" class=\"yoast-schema-graph\">{\"@context\":\"https:\/\/schema.org\",\"@graph\":[{\"@type\":\"Article\",\"@id\":\"https:\/\/www.vesamgroup.com\/fr\/100-ponts-plus-tard\/#article\",\"isPartOf\":{\"@id\":\"https:\/\/www.vesamgroup.com\/fr\/100-ponts-plus-tard\/\"},\"author\":{\"name\":\"Ana Oliveira\",\"@id\":\"https:\/\/www.vesamgroup.com\/fr\/#\/schema\/person\/2350da1454a6e949780943c06735ff37\"},\"headline\":\"100 ponts plus tard\",\"datePublished\":\"2021-10-01T11:41:00+00:00\",\"dateModified\":\"2021-10-04T15:36:15+00:00\",\"mainEntityOfPage\":{\"@id\":\"https:\/\/www.vesamgroup.com\/fr\/100-ponts-plus-tard\/\"},\"wordCount\":510,\"publisher\":{\"@id\":\"https:\/\/www.vesamgroup.com\/fr\/#organization\"},\"articleSection\":[\"Nouvelles\"],\"inLanguage\":\"fr-FR\"},{\"@type\":\"WebPage\",\"@id\":\"https:\/\/www.vesamgroup.com\/fr\/100-ponts-plus-tard\/\",\"url\":\"https:\/\/www.vesamgroup.com\/fr\/100-ponts-plus-tard\/\",\"name\":\"100 ponts plus tard - VESAM\",\"isPartOf\":{\"@id\":\"https:\/\/www.vesamgroup.com\/fr\/#website\"},\"datePublished\":\"2021-10-01T11:41:00+00:00\",\"dateModified\":\"2021-10-04T15:36:15+00:00\",\"description\":\"13 ans et 100 ponts plus tard, nous parlons du premier pont VESAM et projetons les futurs enjeux de ce secteur d'activit\u00e9.\",\"breadcrumb\":{\"@id\":\"https:\/\/www.vesamgroup.com\/fr\/100-ponts-plus-tard\/#breadcrumb\"},\"inLanguage\":\"fr-FR\",\"potentialAction\":[{\"@type\":\"ReadAction\",\"target\":[\"https:\/\/www.vesamgroup.com\/fr\/100-ponts-plus-tard\/\"]}]},{\"@type\":\"BreadcrumbList\",\"@id\":\"https:\/\/www.vesamgroup.com\/fr\/100-ponts-plus-tard\/#breadcrumb\",\"itemListElement\":[{\"@type\":\"ListItem\",\"position\":1,\"name\":\"Home\",\"item\":\"https:\/\/www.vesamgroup.com\/fr\/\"},{\"@type\":\"ListItem\",\"position\":2,\"name\":\"100 ponts plus tard\"}]},{\"@type\":\"WebSite\",\"@id\":\"https:\/\/www.vesamgroup.com\/fr\/#website\",\"url\":\"https:\/\/www.vesamgroup.com\/fr\/\",\"name\":\"VESAM\",\"description\":\"Pioneiros a criar solu\u00e7\u00f5es integradas e inovadoras em estruturas met\u00e1licas e mistas.\",\"publisher\":{\"@id\":\"https:\/\/www.vesamgroup.com\/fr\/#organization\"},\"potentialAction\":[{\"@type\":\"SearchAction\",\"target\":{\"@type\":\"EntryPoint\",\"urlTemplate\":\"https:\/\/www.vesamgroup.com\/fr\/?s={search_term_string}\"},\"query-input\":\"required name=search_term_string\"}],\"inLanguage\":\"fr-FR\"},{\"@type\":\"Organization\",\"@id\":\"https:\/\/www.vesamgroup.com\/fr\/#organization\",\"name\":\"Vesam\",\"url\":\"https:\/\/www.vesamgroup.com\/fr\/\",\"logo\":{\"@type\":\"ImageObject\",\"inLanguage\":\"fr-FR\",\"@id\":\"https:\/\/www.vesamgroup.com\/fr\/#\/schema\/logo\/image\/\",\"url\":\"https:\/\/www.vesamgroup.com\/wp-content\/uploads\/2021\/04\/VESAM-Logo.png\",\"contentUrl\":\"https:\/\/www.vesamgroup.com\/wp-content\/uploads\/2021\/04\/VESAM-Logo.png\",\"width\":243,\"height\":90,\"caption\":\"Vesam\"},\"image\":{\"@id\":\"https:\/\/www.vesamgroup.com\/fr\/#\/schema\/logo\/image\/\"}},{\"@type\":\"Person\",\"@id\":\"https:\/\/www.vesamgroup.com\/fr\/#\/schema\/person\/2350da1454a6e949780943c06735ff37\",\"name\":\"Ana Oliveira\"}]}<\/script>\n<!-- \/ Yoast SEO plugin. -->","yoast_head_json":{"title":"100 ponts plus tard - VESAM","description":"13 ans et 100 ponts plus tard, nous parlons du premier pont VESAM et projetons les futurs enjeux de ce secteur d'activit\u00e9.","robots":{"index":"index","follow":"follow","max-snippet":"max-snippet:-1","max-image-preview":"max-image-preview:large","max-video-preview":"max-video-preview:-1"},"canonical":"https:\/\/www.vesamgroup.com\/fr\/100-ponts-plus-tard\/","og_locale":"fr_FR","og_type":"article","og_title":"100 ponts plus tard - VESAM","og_description":"13 ans et 100 ponts plus tard, nous parlons du premier pont VESAM et projetons les futurs enjeux de ce secteur d'activit\u00e9.","og_url":"https:\/\/www.vesamgroup.com\/fr\/100-ponts-plus-tard\/","og_site_name":"VESAM","article_published_time":"2021-10-01T11:41:00+00:00","article_modified_time":"2021-10-04T15:36:15+00:00","og_image":[{"width":1024,"height":636,"url":"https:\/\/www.vesamgroup.com\/wp-content\/uploads\/2021\/09\/foto-destaque-1-1024x636.png","type":"image\/png"}],"author":"Ana Oliveira","twitter_card":"summary_large_image","twitter_misc":{"\u00c9crit par":"Ana Oliveira","Dur\u00e9e de lecture estim\u00e9e":"3 minutes"},"schema":{"@context":"https:\/\/schema.org","@graph":[{"@type":"Article","@id":"https:\/\/www.vesamgroup.com\/fr\/100-ponts-plus-tard\/#article","isPartOf":{"@id":"https:\/\/www.vesamgroup.com\/fr\/100-ponts-plus-tard\/"},"author":{"name":"Ana Oliveira","@id":"https:\/\/www.vesamgroup.com\/fr\/#\/schema\/person\/2350da1454a6e949780943c06735ff37"},"headline":"100 ponts plus tard","datePublished":"2021-10-01T11:41:00+00:00","dateModified":"2021-10-04T15:36:15+00:00","mainEntityOfPage":{"@id":"https:\/\/www.vesamgroup.com\/fr\/100-ponts-plus-tard\/"},"wordCount":510,"publisher":{"@id":"https:\/\/www.vesamgroup.com\/fr\/#organization"},"articleSection":["Nouvelles"],"inLanguage":"fr-FR"},{"@type":"WebPage","@id":"https:\/\/www.vesamgroup.com\/fr\/100-ponts-plus-tard\/","url":"https:\/\/www.vesamgroup.com\/fr\/100-ponts-plus-tard\/","name":"100 ponts plus tard - VESAM","isPartOf":{"@id":"https:\/\/www.vesamgroup.com\/fr\/#website"},"datePublished":"2021-10-01T11:41:00+00:00","dateModified":"2021-10-04T15:36:15+00:00","description":"13 ans et 100 ponts plus tard, nous parlons du premier pont VESAM et projetons les futurs enjeux de ce secteur d'activit\u00e9.","breadcrumb":{"@id":"https:\/\/www.vesamgroup.com\/fr\/100-ponts-plus-tard\/#breadcrumb"},"inLanguage":"fr-FR","potentialAction":[{"@type":"ReadAction","target":["https:\/\/www.vesamgroup.com\/fr\/100-ponts-plus-tard\/"]}]},{"@type":"BreadcrumbList","@id":"https:\/\/www.vesamgroup.com\/fr\/100-ponts-plus-tard\/#breadcrumb","itemListElement":[{"@type":"ListItem","position":1,"name":"Home","item":"https:\/\/www.vesamgroup.com\/fr\/"},{"@type":"ListItem","position":2,"name":"100 ponts plus tard"}]},{"@type":"WebSite","@id":"https:\/\/www.vesamgroup.com\/fr\/#website","url":"https:\/\/www.vesamgroup.com\/fr\/","name":"VESAM","description":"Pioneiros a criar solu\u00e7\u00f5es integradas e inovadoras em estruturas met\u00e1licas e mistas.","publisher":{"@id":"https:\/\/www.vesamgroup.com\/fr\/#organization"},"potentialAction":[{"@type":"SearchAction","target":{"@type":"EntryPoint","urlTemplate":"https:\/\/www.vesamgroup.com\/fr\/?s={search_term_string}"},"query-input":"required name=search_term_string"}],"inLanguage":"fr-FR"},{"@type":"Organization","@id":"https:\/\/www.vesamgroup.com\/fr\/#organization","name":"Vesam","url":"https:\/\/www.vesamgroup.com\/fr\/","logo":{"@type":"ImageObject","inLanguage":"fr-FR","@id":"https:\/\/www.vesamgroup.com\/fr\/#\/schema\/logo\/image\/","url":"https:\/\/www.vesamgroup.com\/wp-content\/uploads\/2021\/04\/VESAM-Logo.png","contentUrl":"https:\/\/www.vesamgroup.com\/wp-content\/uploads\/2021\/04\/VESAM-Logo.png","width":243,"height":90,"caption":"Vesam"},"image":{"@id":"https:\/\/www.vesamgroup.com\/fr\/#\/schema\/logo\/image\/"}},{"@type":"Person","@id":"https:\/\/www.vesamgroup.com\/fr\/#\/schema\/person\/2350da1454a6e949780943c06735ff37","name":"Ana Oliveira"}]}},"_links":{"self":[{"href":"https:\/\/www.vesamgroup.com\/fr\/wp-json\/wp\/v2\/posts\/12474"}],"collection":[{"href":"https:\/\/www.vesamgroup.com\/fr\/wp-json\/wp\/v2\/posts"}],"about":[{"href":"https:\/\/www.vesamgroup.com\/fr\/wp-json\/wp\/v2\/types\/post"}],"author":[{"embeddable":true,"href":"https:\/\/www.vesamgroup.com\/fr\/wp-json\/wp\/v2\/users\/4"}],"replies":[{"embeddable":true,"href":"https:\/\/www.vesamgroup.com\/fr\/wp-json\/wp\/v2\/comments?post=12474"}],"version-history":[{"count":10,"href":"https:\/\/www.vesamgroup.com\/fr\/wp-json\/wp\/v2\/posts\/12474\/revisions"}],"predecessor-version":[{"id":12485,"href":"https:\/\/www.vesamgroup.com\/fr\/wp-json\/wp\/v2\/posts\/12474\/revisions\/12485"}],"wp:featuredmedia":[{"embeddable":true,"href":"https:\/\/www.vesamgroup.com\/fr\/wp-json\/wp\/v2\/media\/12605"}],"wp:attachment":[{"href":"https:\/\/www.vesamgroup.com\/fr\/wp-json\/wp\/v2\/media?parent=12474"}],"wp:term":[{"taxonomy":"category","embeddable":true,"href":"https:\/\/www.vesamgroup.com\/fr\/wp-json\/wp\/v2\/categories?post=12474"},{"taxonomy":"post_tag","embeddable":true,"href":"https:\/\/www.vesamgroup.com\/fr\/wp-json\/wp\/v2\/tags?post=12474"}],"curies":[{"name":"wp","href":"https:\/\/api.w.org\/{rel}","templated":true}]}}