{"id":13259,"date":"2022-01-13T14:42:23","date_gmt":"2022-01-13T14:42:23","guid":{"rendered":"https:\/\/www.vesamgroup.com\/nova-centralidade-de-kuito-um-projeto-social-made-in-angola\/"},"modified":"2022-01-13T15:53:01","modified_gmt":"2022-01-13T15:53:01","slug":"nouvelle-centralite-de-kuito-un-projet-social-made-in-angola","status":"publish","type":"post","link":"https:\/\/www.vesamgroup.com\/fr\/nouvelle-centralite-de-kuito-un-projet-social-made-in-angola\/","title":{"rendered":"Nouvelle Centralit\u00e9 de Kuito &#8211; Un projet social \u00ab\u00a0made in Angola\u00a0\u00bb"},"content":{"rendered":"\t\t<div data-elementor-type=\"wp-post\" data-elementor-id=\"13259\" class=\"elementor elementor-13259\">\n\t\t\t\t\t\t\t\t\t<section class=\"elementor-section elementor-top-section elementor-element elementor-element-c5005d4 elementor-section-full_width elementor-section-height-default elementor-section-height-default qodef-elementor-content-no\" data-id=\"c5005d4\" data-element_type=\"section\">\n\t\t\t\t\t\t<div class=\"elementor-container elementor-column-gap-default\">\n\t\t\t\t\t<div class=\"elementor-column elementor-col-100 elementor-top-column elementor-element elementor-element-a477b09\" data-id=\"a477b09\" data-element_type=\"column\">\n\t\t\t<div class=\"elementor-widget-wrap elementor-element-populated\">\n\t\t\t\t\t\t\t\t<div class=\"elementor-element elementor-element-f84cf33 elementor-widget elementor-widget-text-editor\" data-id=\"f84cf33\" data-element_type=\"widget\" data-widget_type=\"text-editor.default\">\n\t\t\t\t<div class=\"elementor-widget-container\">\n\t\t\t\t\t\t\t<p>La nouvelle centralit\u00e9 de Kuito, dans la province de Bi\u00e9, en Angola, est un projet social et \u00e9ducatif qui comprend un jardin d&rsquo;enfants, des \u00e9coles primaires et des instituts polytechniques.<\/p><p>Vesam, en partenariat avec l&rsquo;entreprise de construction angolaise Griner, a d\u00e9velopp\u00e9 une solution d&rsquo;ing\u00e9nierie, de fabrication et de montage pour la charpenterie m\u00e9tallique de ces b\u00e2timents d&rsquo;aide sociale.<\/p><p>Ce projet sera enti\u00e8rement fabriqu\u00e9 en Angola, concr\u00e9tisant ainsi la politique de durabilit\u00e9 et de contenu local de Vesam, qui vise \u00e0 contribuer positivement au d\u00e9veloppement de l&rsquo;\u00e9conomie nationale angolaise.<\/p>\t\t\t\t\t\t<\/div>\n\t\t\t\t<\/div>\n\t\t\t\t\t<\/div>\n\t\t<\/div>\n\t\t\t\t\t\t\t<\/div>\n\t\t<\/section>\n\t\t\t\t<section class=\"elementor-section elementor-top-section elementor-element elementor-element-60afa66 elementor-section-boxed elementor-section-height-default elementor-section-height-default qodef-elementor-content-no\" data-id=\"60afa66\" data-element_type=\"section\">\n\t\t\t\t\t\t<div class=\"elementor-container elementor-column-gap-default\">\n\t\t\t\t\t<div class=\"elementor-column elementor-col-100 elementor-top-column elementor-element elementor-element-516f079\" data-id=\"516f079\" data-element_type=\"column\">\n\t\t\t<div class=\"elementor-widget-wrap\">\n\t\t\t\t\t\t\t\t\t<\/div>\n\t\t<\/div>\n\t\t\t\t\t\t\t<\/div>\n\t\t<\/section>\n\t\t\t\t\t\t\t<\/div>\n\t\t","protected":false},"excerpt":{"rendered":"<p>La nouvelle centralit\u00e9 de Kuito, dans la province de Bi\u00e9, en Angola, est un projet social et \u00e9ducatif qui comprend un jardin d&rsquo;enfants, des \u00e9coles primaires et des instituts polytechniques.<\/p>\n","protected":false},"author":4,"featured_media":13248,"comment_status":"closed","ping_status":"closed","sticky":false,"template":"","format":"gallery","meta":{"footnotes":""},"categories":[88],"tags":[],"yoast_head":"<!-- This site is optimized with the Yoast SEO plugin v21.3 - https:\/\/yoast.com\/wordpress\/plugins\/seo\/ -->\n<title>Nouvelle Centralit\u00e9 de Kuito - Un projet social &quot;made in Angola&quot; - VESAM<\/title>\n<meta name=\"description\" content=\"O novo sensor, integrado no projeto DigitalSteel demonitoriza\u00e7\u00e3o da integridade de estruturas, permitir\u00e1 uma efic\u00e1cia semprecedentes na dete\u00e7\u00e3o e preven\u00e7\u00e3o da corros\u00e3o.\" \/>\n<meta name=\"robots\" content=\"index, follow, max-snippet:-1, max-image-preview:large, max-video-preview:-1\" \/>\n<link rel=\"canonical\" href=\"https:\/\/www.vesamgroup.com\/fr\/nouvelle-centralite-de-kuito-un-projet-social-made-in-angola\/\" \/>\n<meta property=\"og:locale\" content=\"fr_FR\" \/>\n<meta property=\"og:type\" content=\"article\" \/>\n<meta property=\"og:title\" content=\"Nouvelle Centralit\u00e9 de Kuito - Un projet social &quot;made in Angola&quot; - VESAM\" \/>\n<meta property=\"og:description\" content=\"O novo sensor, integrado no projeto DigitalSteel demonitoriza\u00e7\u00e3o da integridade de estruturas, permitir\u00e1 uma efic\u00e1cia semprecedentes na dete\u00e7\u00e3o e preven\u00e7\u00e3o da corros\u00e3o.\" \/>\n<meta property=\"og:url\" content=\"https:\/\/www.vesamgroup.com\/fr\/nouvelle-centralite-de-kuito-un-projet-social-made-in-angola\/\" \/>\n<meta property=\"og:site_name\" content=\"VESAM\" \/>\n<meta property=\"article:published_time\" content=\"2022-01-13T14:42:23+00:00\" \/>\n<meta property=\"article:modified_time\" content=\"2022-01-13T15:53:01+00:00\" \/>\n<meta property=\"og:image\" content=\"https:\/\/www.vesamgroup.com\/wp-content\/uploads\/2022\/01\/abubakar-balogun-muftF_QWp6Y-unsplash-scaled.jpg\" \/>\n\t<meta property=\"og:image:width\" content=\"2560\" \/>\n\t<meta property=\"og:image:height\" content=\"1696\" \/>\n\t<meta property=\"og:image:type\" content=\"image\/jpeg\" \/>\n<meta name=\"author\" content=\"Ana Oliveira\" \/>\n<meta name=\"twitter:card\" content=\"summary_large_image\" \/>\n<meta name=\"twitter:label1\" content=\"\u00c9crit par\" \/>\n\t<meta name=\"twitter:data1\" content=\"Ana Oliveira\" \/>\n\t<meta name=\"twitter:label2\" content=\"Dur\u00e9e de lecture estim\u00e9e\" \/>\n\t<meta name=\"twitter:data2\" content=\"1 minute\" \/>\n<script type=\"application\/ld+json\" class=\"yoast-schema-graph\">{\"@context\":\"https:\/\/schema.org\",\"@graph\":[{\"@type\":\"Article\",\"@id\":\"https:\/\/www.vesamgroup.com\/fr\/nouvelle-centralite-de-kuito-un-projet-social-made-in-angola\/#article\",\"isPartOf\":{\"@id\":\"https:\/\/www.vesamgroup.com\/fr\/nouvelle-centralite-de-kuito-un-projet-social-made-in-angola\/\"},\"author\":{\"name\":\"Ana Oliveira\",\"@id\":\"https:\/\/www.vesamgroup.com\/fr\/#\/schema\/person\/2350da1454a6e949780943c06735ff37\"},\"headline\":\"Nouvelle Centralit\u00e9 de Kuito &#8211; Un projet social \u00ab\u00a0made in Angola\u00a0\u00bb\",\"datePublished\":\"2022-01-13T14:42:23+00:00\",\"dateModified\":\"2022-01-13T15:53:01+00:00\",\"mainEntityOfPage\":{\"@id\":\"https:\/\/www.vesamgroup.com\/fr\/nouvelle-centralite-de-kuito-un-projet-social-made-in-angola\/\"},\"wordCount\":106,\"publisher\":{\"@id\":\"https:\/\/www.vesamgroup.com\/fr\/#organization\"},\"articleSection\":[\"Nouvelles\"],\"inLanguage\":\"fr-FR\"},{\"@type\":\"WebPage\",\"@id\":\"https:\/\/www.vesamgroup.com\/fr\/nouvelle-centralite-de-kuito-un-projet-social-made-in-angola\/\",\"url\":\"https:\/\/www.vesamgroup.com\/fr\/nouvelle-centralite-de-kuito-un-projet-social-made-in-angola\/\",\"name\":\"Nouvelle Centralit\u00e9 de Kuito - Un projet social \\\"made in Angola\\\" - VESAM\",\"isPartOf\":{\"@id\":\"https:\/\/www.vesamgroup.com\/fr\/#website\"},\"datePublished\":\"2022-01-13T14:42:23+00:00\",\"dateModified\":\"2022-01-13T15:53:01+00:00\",\"description\":\"O novo sensor, integrado no projeto DigitalSteel demonitoriza\u00e7\u00e3o da integridade de estruturas, permitir\u00e1 uma efic\u00e1cia semprecedentes na dete\u00e7\u00e3o e preven\u00e7\u00e3o da corros\u00e3o.\",\"breadcrumb\":{\"@id\":\"https:\/\/www.vesamgroup.com\/fr\/nouvelle-centralite-de-kuito-un-projet-social-made-in-angola\/#breadcrumb\"},\"inLanguage\":\"fr-FR\",\"potentialAction\":[{\"@type\":\"ReadAction\",\"target\":[\"https:\/\/www.vesamgroup.com\/fr\/nouvelle-centralite-de-kuito-un-projet-social-made-in-angola\/\"]}]},{\"@type\":\"BreadcrumbList\",\"@id\":\"https:\/\/www.vesamgroup.com\/fr\/nouvelle-centralite-de-kuito-un-projet-social-made-in-angola\/#breadcrumb\",\"itemListElement\":[{\"@type\":\"ListItem\",\"position\":1,\"name\":\"Home\",\"item\":\"https:\/\/www.vesamgroup.com\/fr\/\"},{\"@type\":\"ListItem\",\"position\":2,\"name\":\"Nouvelle Centralit\u00e9 de Kuito &#8211; Un projet social &#8220;made in Angola&#8221;\"}]},{\"@type\":\"WebSite\",\"@id\":\"https:\/\/www.vesamgroup.com\/fr\/#website\",\"url\":\"https:\/\/www.vesamgroup.com\/fr\/\",\"name\":\"VESAM\",\"description\":\"Pioneiros a criar solu\u00e7\u00f5es integradas e inovadoras em estruturas met\u00e1licas e mistas.\",\"publisher\":{\"@id\":\"https:\/\/www.vesamgroup.com\/fr\/#organization\"},\"potentialAction\":[{\"@type\":\"SearchAction\",\"target\":{\"@type\":\"EntryPoint\",\"urlTemplate\":\"https:\/\/www.vesamgroup.com\/fr\/?s={search_term_string}\"},\"query-input\":\"required name=search_term_string\"}],\"inLanguage\":\"fr-FR\"},{\"@type\":\"Organization\",\"@id\":\"https:\/\/www.vesamgroup.com\/fr\/#organization\",\"name\":\"Vesam\",\"url\":\"https:\/\/www.vesamgroup.com\/fr\/\",\"logo\":{\"@type\":\"ImageObject\",\"inLanguage\":\"fr-FR\",\"@id\":\"https:\/\/www.vesamgroup.com\/fr\/#\/schema\/logo\/image\/\",\"url\":\"https:\/\/www.vesamgroup.com\/wp-content\/uploads\/2021\/04\/VESAM-Logo.png\",\"contentUrl\":\"https:\/\/www.vesamgroup.com\/wp-content\/uploads\/2021\/04\/VESAM-Logo.png\",\"width\":243,\"height\":90,\"caption\":\"Vesam\"},\"image\":{\"@id\":\"https:\/\/www.vesamgroup.com\/fr\/#\/schema\/logo\/image\/\"}},{\"@type\":\"Person\",\"@id\":\"https:\/\/www.vesamgroup.com\/fr\/#\/schema\/person\/2350da1454a6e949780943c06735ff37\",\"name\":\"Ana Oliveira\"}]}<\/script>\n<!-- \/ Yoast SEO plugin. -->","yoast_head_json":{"title":"Nouvelle Centralit\u00e9 de Kuito - Un projet social \"made in Angola\" - VESAM","description":"O novo sensor, integrado no projeto DigitalSteel demonitoriza\u00e7\u00e3o da integridade de estruturas, permitir\u00e1 uma efic\u00e1cia semprecedentes na dete\u00e7\u00e3o e preven\u00e7\u00e3o da corros\u00e3o.","robots":{"index":"index","follow":"follow","max-snippet":"max-snippet:-1","max-image-preview":"max-image-preview:large","max-video-preview":"max-video-preview:-1"},"canonical":"https:\/\/www.vesamgroup.com\/fr\/nouvelle-centralite-de-kuito-un-projet-social-made-in-angola\/","og_locale":"fr_FR","og_type":"article","og_title":"Nouvelle Centralit\u00e9 de Kuito - Un projet social \"made in Angola\" - VESAM","og_description":"O novo sensor, integrado no projeto DigitalSteel demonitoriza\u00e7\u00e3o da integridade de estruturas, permitir\u00e1 uma efic\u00e1cia semprecedentes na dete\u00e7\u00e3o e preven\u00e7\u00e3o da corros\u00e3o.","og_url":"https:\/\/www.vesamgroup.com\/fr\/nouvelle-centralite-de-kuito-un-projet-social-made-in-angola\/","og_site_name":"VESAM","article_published_time":"2022-01-13T14:42:23+00:00","article_modified_time":"2022-01-13T15:53:01+00:00","og_image":[{"width":2560,"height":1696,"url":"https:\/\/www.vesamgroup.com\/wp-content\/uploads\/2022\/01\/abubakar-balogun-muftF_QWp6Y-unsplash-scaled.jpg","type":"image\/jpeg"}],"author":"Ana Oliveira","twitter_card":"summary_large_image","twitter_misc":{"\u00c9crit par":"Ana Oliveira","Dur\u00e9e de lecture estim\u00e9e":"1 minute"},"schema":{"@context":"https:\/\/schema.org","@graph":[{"@type":"Article","@id":"https:\/\/www.vesamgroup.com\/fr\/nouvelle-centralite-de-kuito-un-projet-social-made-in-angola\/#article","isPartOf":{"@id":"https:\/\/www.vesamgroup.com\/fr\/nouvelle-centralite-de-kuito-un-projet-social-made-in-angola\/"},"author":{"name":"Ana Oliveira","@id":"https:\/\/www.vesamgroup.com\/fr\/#\/schema\/person\/2350da1454a6e949780943c06735ff37"},"headline":"Nouvelle Centralit\u00e9 de Kuito &#8211; Un projet social \u00ab\u00a0made in Angola\u00a0\u00bb","datePublished":"2022-01-13T14:42:23+00:00","dateModified":"2022-01-13T15:53:01+00:00","mainEntityOfPage":{"@id":"https:\/\/www.vesamgroup.com\/fr\/nouvelle-centralite-de-kuito-un-projet-social-made-in-angola\/"},"wordCount":106,"publisher":{"@id":"https:\/\/www.vesamgroup.com\/fr\/#organization"},"articleSection":["Nouvelles"],"inLanguage":"fr-FR"},{"@type":"WebPage","@id":"https:\/\/www.vesamgroup.com\/fr\/nouvelle-centralite-de-kuito-un-projet-social-made-in-angola\/","url":"https:\/\/www.vesamgroup.com\/fr\/nouvelle-centralite-de-kuito-un-projet-social-made-in-angola\/","name":"Nouvelle Centralit\u00e9 de Kuito - Un projet social \"made in Angola\" - VESAM","isPartOf":{"@id":"https:\/\/www.vesamgroup.com\/fr\/#website"},"datePublished":"2022-01-13T14:42:23+00:00","dateModified":"2022-01-13T15:53:01+00:00","description":"O novo sensor, integrado no projeto DigitalSteel demonitoriza\u00e7\u00e3o da integridade de estruturas, permitir\u00e1 uma efic\u00e1cia semprecedentes na dete\u00e7\u00e3o e preven\u00e7\u00e3o da corros\u00e3o.","breadcrumb":{"@id":"https:\/\/www.vesamgroup.com\/fr\/nouvelle-centralite-de-kuito-un-projet-social-made-in-angola\/#breadcrumb"},"inLanguage":"fr-FR","potentialAction":[{"@type":"ReadAction","target":["https:\/\/www.vesamgroup.com\/fr\/nouvelle-centralite-de-kuito-un-projet-social-made-in-angola\/"]}]},{"@type":"BreadcrumbList","@id":"https:\/\/www.vesamgroup.com\/fr\/nouvelle-centralite-de-kuito-un-projet-social-made-in-angola\/#breadcrumb","itemListElement":[{"@type":"ListItem","position":1,"name":"Home","item":"https:\/\/www.vesamgroup.com\/fr\/"},{"@type":"ListItem","position":2,"name":"Nouvelle Centralit\u00e9 de Kuito &#8211; Un projet social &#8220;made in Angola&#8221;"}]},{"@type":"WebSite","@id":"https:\/\/www.vesamgroup.com\/fr\/#website","url":"https:\/\/www.vesamgroup.com\/fr\/","name":"VESAM","description":"Pioneiros a criar solu\u00e7\u00f5es integradas e inovadoras em estruturas met\u00e1licas e mistas.","publisher":{"@id":"https:\/\/www.vesamgroup.com\/fr\/#organization"},"potentialAction":[{"@type":"SearchAction","target":{"@type":"EntryPoint","urlTemplate":"https:\/\/www.vesamgroup.com\/fr\/?s={search_term_string}"},"query-input":"required name=search_term_string"}],"inLanguage":"fr-FR"},{"@type":"Organization","@id":"https:\/\/www.vesamgroup.com\/fr\/#organization","name":"Vesam","url":"https:\/\/www.vesamgroup.com\/fr\/","logo":{"@type":"ImageObject","inLanguage":"fr-FR","@id":"https:\/\/www.vesamgroup.com\/fr\/#\/schema\/logo\/image\/","url":"https:\/\/www.vesamgroup.com\/wp-content\/uploads\/2021\/04\/VESAM-Logo.png","contentUrl":"https:\/\/www.vesamgroup.com\/wp-content\/uploads\/2021\/04\/VESAM-Logo.png","width":243,"height":90,"caption":"Vesam"},"image":{"@id":"https:\/\/www.vesamgroup.com\/fr\/#\/schema\/logo\/image\/"}},{"@type":"Person","@id":"https:\/\/www.vesamgroup.com\/fr\/#\/schema\/person\/2350da1454a6e949780943c06735ff37","name":"Ana Oliveira"}]}},"_links":{"self":[{"href":"https:\/\/www.vesamgroup.com\/fr\/wp-json\/wp\/v2\/posts\/13259"}],"collection":[{"href":"https:\/\/www.vesamgroup.com\/fr\/wp-json\/wp\/v2\/posts"}],"about":[{"href":"https:\/\/www.vesamgroup.com\/fr\/wp-json\/wp\/v2\/types\/post"}],"author":[{"embeddable":true,"href":"https:\/\/www.vesamgroup.com\/fr\/wp-json\/wp\/v2\/users\/4"}],"replies":[{"embeddable":true,"href":"https:\/\/www.vesamgroup.com\/fr\/wp-json\/wp\/v2\/comments?post=13259"}],"version-history":[{"count":10,"href":"https:\/\/www.vesamgroup.com\/fr\/wp-json\/wp\/v2\/posts\/13259\/revisions"}],"predecessor-version":[{"id":13277,"href":"https:\/\/www.vesamgroup.com\/fr\/wp-json\/wp\/v2\/posts\/13259\/revisions\/13277"}],"wp:featuredmedia":[{"embeddable":true,"href":"https:\/\/www.vesamgroup.com\/fr\/wp-json\/wp\/v2\/media\/13248"}],"wp:attachment":[{"href":"https:\/\/www.vesamgroup.com\/fr\/wp-json\/wp\/v2\/media?parent=13259"}],"wp:term":[{"taxonomy":"category","embeddable":true,"href":"https:\/\/www.vesamgroup.com\/fr\/wp-json\/wp\/v2\/categories?post=13259"},{"taxonomy":"post_tag","embeddable":true,"href":"https:\/\/www.vesamgroup.com\/fr\/wp-json\/wp\/v2\/tags?post=13259"}],"curies":[{"name":"wp","href":"https:\/\/api.w.org\/{rel}","templated":true}]}}