{"id":14835,"date":"2022-07-15T12:01:07","date_gmt":"2022-07-15T12:01:07","guid":{"rendered":"https:\/\/www.vesamgroup.com\/?p=14835"},"modified":"2022-07-15T12:13:01","modified_gmt":"2022-07-15T12:13:01","slug":"vesam-distingue-avec-le-statut-inovadora-cotec","status":"publish","type":"post","link":"https:\/\/www.vesamgroup.com\/fr\/vesam-distingue-avec-le-statut-inovadora-cotec\/","title":{"rendered":"VESAM distingu\u00e9 avec le statut INOVADORA COTEC"},"content":{"rendered":"\t\t<div data-elementor-type=\"wp-post\" data-elementor-id=\"14835\" class=\"elementor elementor-14835\">\n\t\t\t\t\t\t\t\t\t<section class=\"elementor-section elementor-top-section elementor-element elementor-element-fb03444 elementor-section-full_width elementor-section-height-default elementor-section-height-default qodef-elementor-content-no\" data-id=\"fb03444\" data-element_type=\"section\">\n\t\t\t\t\t\t<div class=\"elementor-container elementor-column-gap-default\">\n\t\t\t\t\t<div class=\"elementor-column elementor-col-100 elementor-top-column elementor-element elementor-element-741d98f\" data-id=\"741d98f\" data-element_type=\"column\">\n\t\t\t<div class=\"elementor-widget-wrap elementor-element-populated\">\n\t\t\t\t\t\t\t\t<div class=\"elementor-element elementor-element-2763b95 elementor-widget elementor-widget-text-editor\" data-id=\"2763b95\" data-element_type=\"widget\" data-widget_type=\"text-editor.default\">\n\t\t\t\t<div class=\"elementor-widget-container\">\n\t\t\t\t\t\t\t<p>Pour la deuxi\u00e8me ann\u00e9e cons\u00e9cutive, l&rsquo;entreprise s&rsquo;est conform\u00e9e aux crit\u00e8res exigeants de cette certification.<\/p><p>\u00a0<\/p><p>Cette initiative reconnue rassemble COTEC Portugal et ses partenaires du secteur bancaire, promouvant la notori\u00e9t\u00e9 et valorisant les marques distingu\u00e9es sur le march\u00e9.<\/p><p>COTEC Portugal, Association pour l\u2019Innovation, recherche activement des exemples d&rsquo;entreprises qui d\u00e9montrent qu&rsquo;il est possible de combiner une solidit\u00e9 financi\u00e8re ad\u00e9quate, des investissements technologiques et la conviction que l&rsquo;innovation est essentielle pour augmenter le potentiel concurrentiel et les r\u00e9sultats \u00e9conomiques.<\/p><p>Lors de la deuxi\u00e8me \u00e9dition, 830 entreprises ont postul\u00e9 et 649 statuts ont \u00e9t\u00e9 attribu\u00e9s, conform\u00e9ment aux crit\u00e8res exigeants d\u00e9finis dans le r\u00e8glement d&rsquo;INOVADORA COTEC.<\/p>\t\t\t\t\t\t<\/div>\n\t\t\t\t<\/div>\n\t\t\t\t\t<\/div>\n\t\t<\/div>\n\t\t\t\t\t\t\t<\/div>\n\t\t<\/section>\n\t\t\t\t<section class=\"elementor-section elementor-top-section elementor-element elementor-element-2db4df2 elementor-section-boxed elementor-section-height-default elementor-section-height-default qodef-elementor-content-no\" data-id=\"2db4df2\" data-element_type=\"section\">\n\t\t\t\t\t\t<div class=\"elementor-container elementor-column-gap-default\">\n\t\t\t\t\t<div class=\"elementor-column elementor-col-100 elementor-top-column elementor-element elementor-element-c38fd44\" data-id=\"c38fd44\" data-element_type=\"column\">\n\t\t\t<div class=\"elementor-widget-wrap elementor-element-populated\">\n\t\t\t\t\t\t\t\t<div class=\"elementor-element elementor-element-69b80f0 elementor-widget elementor-widget-image\" data-id=\"69b80f0\" data-element_type=\"widget\" data-widget_type=\"image.default\">\n\t\t\t\t<div class=\"elementor-widget-container\">\n\t\t\t\t\t\t\t\t\t\t\t\t\t\t\t<img decoding=\"async\" loading=\"lazy\" width=\"768\" height=\"194\" src=\"https:\/\/www.vesamgroup.com\/wp-content\/uploads\/2022\/07\/Banner-Email-768x194.png\" class=\"attachment-medium_large size-medium_large wp-image-14830\" alt=\"\" srcset=\"https:\/\/www.vesamgroup.com\/wp-content\/uploads\/2022\/07\/Banner-Email-768x194.png 768w, https:\/\/www.vesamgroup.com\/wp-content\/uploads\/2022\/07\/Banner-Email-300x76.png 300w, https:\/\/www.vesamgroup.com\/wp-content\/uploads\/2022\/07\/Banner-Email.png 939w\" sizes=\"(max-width: 768px) 100vw, 768px\" \/>\t\t\t\t\t\t\t\t\t\t\t\t\t\t\t<\/div>\n\t\t\t\t<\/div>\n\t\t\t\t\t<\/div>\n\t\t<\/div>\n\t\t\t\t\t\t\t<\/div>\n\t\t<\/section>\n\t\t\t\t\t\t\t<\/div>\n\t\t","protected":false},"excerpt":{"rendered":"<p>Pour la deuxi\u00e8me ann\u00e9e cons\u00e9cutive, l&rsquo;entreprise s&rsquo;est conform\u00e9e aux crit\u00e8res exigeants de cette certification.<\/p>\n","protected":false},"author":5,"featured_media":14825,"comment_status":"closed","ping_status":"closed","sticky":false,"template":"","format":"gallery","meta":{"footnotes":""},"categories":[88],"tags":[],"yoast_head":"<!-- This site is optimized with the Yoast SEO plugin v21.3 - https:\/\/yoast.com\/wordpress\/plugins\/seo\/ -->\n<title>VESAM distingu\u00e9 avec le statut INOVADORA COTEC - VESAM<\/title>\n<meta name=\"description\" content=\"Pour la deuxi\u00e8me ann\u00e9e cons\u00e9cutive, l&#039;entreprise s&#039;est conform\u00e9e aux crit\u00e8res exigeants de cette certification.\" \/>\n<meta name=\"robots\" content=\"index, follow, max-snippet:-1, max-image-preview:large, max-video-preview:-1\" \/>\n<link rel=\"canonical\" href=\"https:\/\/www.vesamgroup.com\/fr\/vesam-distingue-avec-le-statut-inovadora-cotec\/\" \/>\n<meta property=\"og:locale\" content=\"fr_FR\" \/>\n<meta property=\"og:type\" content=\"article\" \/>\n<meta property=\"og:title\" content=\"VESAM distingu\u00e9 avec le statut INOVADORA COTEC - VESAM\" \/>\n<meta property=\"og:description\" content=\"Pour la deuxi\u00e8me ann\u00e9e cons\u00e9cutive, l&#039;entreprise s&#039;est conform\u00e9e aux crit\u00e8res exigeants de cette certification.\" \/>\n<meta property=\"og:url\" content=\"https:\/\/www.vesamgroup.com\/fr\/vesam-distingue-avec-le-statut-inovadora-cotec\/\" \/>\n<meta property=\"og:site_name\" content=\"VESAM\" \/>\n<meta property=\"article:published_time\" content=\"2022-07-15T12:01:07+00:00\" \/>\n<meta property=\"article:modified_time\" content=\"2022-07-15T12:13:01+00:00\" \/>\n<meta property=\"og:image\" content=\"https:\/\/www.vesamgroup.com\/wp-content\/uploads\/2022\/07\/inovadora_img-1.png\" \/>\n\t<meta property=\"og:image:width\" content=\"3000\" \/>\n\t<meta property=\"og:image:height\" content=\"3000\" \/>\n\t<meta property=\"og:image:type\" content=\"image\/png\" \/>\n<meta name=\"author\" content=\"S\u00edlvia Carvalho\" \/>\n<meta name=\"twitter:card\" content=\"summary_large_image\" \/>\n<meta name=\"twitter:label1\" content=\"\u00c9crit par\" \/>\n\t<meta name=\"twitter:data1\" content=\"S\u00edlvia Carvalho\" \/>\n\t<meta name=\"twitter:label2\" content=\"Dur\u00e9e de lecture estim\u00e9e\" \/>\n\t<meta name=\"twitter:data2\" content=\"2 minutes\" \/>\n<script type=\"application\/ld+json\" class=\"yoast-schema-graph\">{\"@context\":\"https:\/\/schema.org\",\"@graph\":[{\"@type\":\"Article\",\"@id\":\"https:\/\/www.vesamgroup.com\/fr\/vesam-distingue-avec-le-statut-inovadora-cotec\/#article\",\"isPartOf\":{\"@id\":\"https:\/\/www.vesamgroup.com\/fr\/vesam-distingue-avec-le-statut-inovadora-cotec\/\"},\"author\":{\"name\":\"S\u00edlvia Carvalho\",\"@id\":\"https:\/\/www.vesamgroup.com\/fr\/#\/schema\/person\/7541dc58dfc5ab0542e291a13346d929\"},\"headline\":\"VESAM distingu\u00e9 avec le statut INOVADORA COTEC\",\"datePublished\":\"2022-07-15T12:01:07+00:00\",\"dateModified\":\"2022-07-15T12:13:01+00:00\",\"mainEntityOfPage\":{\"@id\":\"https:\/\/www.vesamgroup.com\/fr\/vesam-distingue-avec-le-statut-inovadora-cotec\/\"},\"wordCount\":125,\"publisher\":{\"@id\":\"https:\/\/www.vesamgroup.com\/fr\/#organization\"},\"articleSection\":[\"Nouvelles\"],\"inLanguage\":\"fr-FR\"},{\"@type\":\"WebPage\",\"@id\":\"https:\/\/www.vesamgroup.com\/fr\/vesam-distingue-avec-le-statut-inovadora-cotec\/\",\"url\":\"https:\/\/www.vesamgroup.com\/fr\/vesam-distingue-avec-le-statut-inovadora-cotec\/\",\"name\":\"VESAM distingu\u00e9 avec le statut INOVADORA COTEC - VESAM\",\"isPartOf\":{\"@id\":\"https:\/\/www.vesamgroup.com\/fr\/#website\"},\"datePublished\":\"2022-07-15T12:01:07+00:00\",\"dateModified\":\"2022-07-15T12:13:01+00:00\",\"description\":\"Pour la deuxi\u00e8me ann\u00e9e cons\u00e9cutive, l'entreprise s'est conform\u00e9e aux crit\u00e8res exigeants de cette certification.\",\"breadcrumb\":{\"@id\":\"https:\/\/www.vesamgroup.com\/fr\/vesam-distingue-avec-le-statut-inovadora-cotec\/#breadcrumb\"},\"inLanguage\":\"fr-FR\",\"potentialAction\":[{\"@type\":\"ReadAction\",\"target\":[\"https:\/\/www.vesamgroup.com\/fr\/vesam-distingue-avec-le-statut-inovadora-cotec\/\"]}]},{\"@type\":\"BreadcrumbList\",\"@id\":\"https:\/\/www.vesamgroup.com\/fr\/vesam-distingue-avec-le-statut-inovadora-cotec\/#breadcrumb\",\"itemListElement\":[{\"@type\":\"ListItem\",\"position\":1,\"name\":\"Home\",\"item\":\"https:\/\/www.vesamgroup.com\/fr\/\"},{\"@type\":\"ListItem\",\"position\":2,\"name\":\"VESAM distingu\u00e9 avec le statut INOVADORA COTEC\"}]},{\"@type\":\"WebSite\",\"@id\":\"https:\/\/www.vesamgroup.com\/fr\/#website\",\"url\":\"https:\/\/www.vesamgroup.com\/fr\/\",\"name\":\"VESAM\",\"description\":\"Pioneiros a criar solu\u00e7\u00f5es integradas e inovadoras em estruturas met\u00e1licas e mistas.\",\"publisher\":{\"@id\":\"https:\/\/www.vesamgroup.com\/fr\/#organization\"},\"potentialAction\":[{\"@type\":\"SearchAction\",\"target\":{\"@type\":\"EntryPoint\",\"urlTemplate\":\"https:\/\/www.vesamgroup.com\/fr\/?s={search_term_string}\"},\"query-input\":\"required name=search_term_string\"}],\"inLanguage\":\"fr-FR\"},{\"@type\":\"Organization\",\"@id\":\"https:\/\/www.vesamgroup.com\/fr\/#organization\",\"name\":\"Vesam\",\"url\":\"https:\/\/www.vesamgroup.com\/fr\/\",\"logo\":{\"@type\":\"ImageObject\",\"inLanguage\":\"fr-FR\",\"@id\":\"https:\/\/www.vesamgroup.com\/fr\/#\/schema\/logo\/image\/\",\"url\":\"https:\/\/www.vesamgroup.com\/wp-content\/uploads\/2021\/04\/VESAM-Logo.png\",\"contentUrl\":\"https:\/\/www.vesamgroup.com\/wp-content\/uploads\/2021\/04\/VESAM-Logo.png\",\"width\":243,\"height\":90,\"caption\":\"Vesam\"},\"image\":{\"@id\":\"https:\/\/www.vesamgroup.com\/fr\/#\/schema\/logo\/image\/\"}},{\"@type\":\"Person\",\"@id\":\"https:\/\/www.vesamgroup.com\/fr\/#\/schema\/person\/7541dc58dfc5ab0542e291a13346d929\",\"name\":\"S\u00edlvia Carvalho\"}]}<\/script>\n<!-- \/ Yoast SEO plugin. -->","yoast_head_json":{"title":"VESAM distingu\u00e9 avec le statut INOVADORA COTEC - VESAM","description":"Pour la deuxi\u00e8me ann\u00e9e cons\u00e9cutive, l'entreprise s'est conform\u00e9e aux crit\u00e8res exigeants de cette certification.","robots":{"index":"index","follow":"follow","max-snippet":"max-snippet:-1","max-image-preview":"max-image-preview:large","max-video-preview":"max-video-preview:-1"},"canonical":"https:\/\/www.vesamgroup.com\/fr\/vesam-distingue-avec-le-statut-inovadora-cotec\/","og_locale":"fr_FR","og_type":"article","og_title":"VESAM distingu\u00e9 avec le statut INOVADORA COTEC - VESAM","og_description":"Pour la deuxi\u00e8me ann\u00e9e cons\u00e9cutive, l'entreprise s'est conform\u00e9e aux crit\u00e8res exigeants de cette certification.","og_url":"https:\/\/www.vesamgroup.com\/fr\/vesam-distingue-avec-le-statut-inovadora-cotec\/","og_site_name":"VESAM","article_published_time":"2022-07-15T12:01:07+00:00","article_modified_time":"2022-07-15T12:13:01+00:00","og_image":[{"width":3000,"height":3000,"url":"https:\/\/www.vesamgroup.com\/wp-content\/uploads\/2022\/07\/inovadora_img-1.png","type":"image\/png"}],"author":"S\u00edlvia Carvalho","twitter_card":"summary_large_image","twitter_misc":{"\u00c9crit par":"S\u00edlvia Carvalho","Dur\u00e9e de lecture estim\u00e9e":"2 minutes"},"schema":{"@context":"https:\/\/schema.org","@graph":[{"@type":"Article","@id":"https:\/\/www.vesamgroup.com\/fr\/vesam-distingue-avec-le-statut-inovadora-cotec\/#article","isPartOf":{"@id":"https:\/\/www.vesamgroup.com\/fr\/vesam-distingue-avec-le-statut-inovadora-cotec\/"},"author":{"name":"S\u00edlvia Carvalho","@id":"https:\/\/www.vesamgroup.com\/fr\/#\/schema\/person\/7541dc58dfc5ab0542e291a13346d929"},"headline":"VESAM distingu\u00e9 avec le statut INOVADORA COTEC","datePublished":"2022-07-15T12:01:07+00:00","dateModified":"2022-07-15T12:13:01+00:00","mainEntityOfPage":{"@id":"https:\/\/www.vesamgroup.com\/fr\/vesam-distingue-avec-le-statut-inovadora-cotec\/"},"wordCount":125,"publisher":{"@id":"https:\/\/www.vesamgroup.com\/fr\/#organization"},"articleSection":["Nouvelles"],"inLanguage":"fr-FR"},{"@type":"WebPage","@id":"https:\/\/www.vesamgroup.com\/fr\/vesam-distingue-avec-le-statut-inovadora-cotec\/","url":"https:\/\/www.vesamgroup.com\/fr\/vesam-distingue-avec-le-statut-inovadora-cotec\/","name":"VESAM distingu\u00e9 avec le statut INOVADORA COTEC - VESAM","isPartOf":{"@id":"https:\/\/www.vesamgroup.com\/fr\/#website"},"datePublished":"2022-07-15T12:01:07+00:00","dateModified":"2022-07-15T12:13:01+00:00","description":"Pour la deuxi\u00e8me ann\u00e9e cons\u00e9cutive, l'entreprise s'est conform\u00e9e aux crit\u00e8res exigeants de cette certification.","breadcrumb":{"@id":"https:\/\/www.vesamgroup.com\/fr\/vesam-distingue-avec-le-statut-inovadora-cotec\/#breadcrumb"},"inLanguage":"fr-FR","potentialAction":[{"@type":"ReadAction","target":["https:\/\/www.vesamgroup.com\/fr\/vesam-distingue-avec-le-statut-inovadora-cotec\/"]}]},{"@type":"BreadcrumbList","@id":"https:\/\/www.vesamgroup.com\/fr\/vesam-distingue-avec-le-statut-inovadora-cotec\/#breadcrumb","itemListElement":[{"@type":"ListItem","position":1,"name":"Home","item":"https:\/\/www.vesamgroup.com\/fr\/"},{"@type":"ListItem","position":2,"name":"VESAM distingu\u00e9 avec le statut INOVADORA COTEC"}]},{"@type":"WebSite","@id":"https:\/\/www.vesamgroup.com\/fr\/#website","url":"https:\/\/www.vesamgroup.com\/fr\/","name":"VESAM","description":"Pioneiros a criar solu\u00e7\u00f5es integradas e inovadoras em estruturas met\u00e1licas e mistas.","publisher":{"@id":"https:\/\/www.vesamgroup.com\/fr\/#organization"},"potentialAction":[{"@type":"SearchAction","target":{"@type":"EntryPoint","urlTemplate":"https:\/\/www.vesamgroup.com\/fr\/?s={search_term_string}"},"query-input":"required name=search_term_string"}],"inLanguage":"fr-FR"},{"@type":"Organization","@id":"https:\/\/www.vesamgroup.com\/fr\/#organization","name":"Vesam","url":"https:\/\/www.vesamgroup.com\/fr\/","logo":{"@type":"ImageObject","inLanguage":"fr-FR","@id":"https:\/\/www.vesamgroup.com\/fr\/#\/schema\/logo\/image\/","url":"https:\/\/www.vesamgroup.com\/wp-content\/uploads\/2021\/04\/VESAM-Logo.png","contentUrl":"https:\/\/www.vesamgroup.com\/wp-content\/uploads\/2021\/04\/VESAM-Logo.png","width":243,"height":90,"caption":"Vesam"},"image":{"@id":"https:\/\/www.vesamgroup.com\/fr\/#\/schema\/logo\/image\/"}},{"@type":"Person","@id":"https:\/\/www.vesamgroup.com\/fr\/#\/schema\/person\/7541dc58dfc5ab0542e291a13346d929","name":"S\u00edlvia Carvalho"}]}},"_links":{"self":[{"href":"https:\/\/www.vesamgroup.com\/fr\/wp-json\/wp\/v2\/posts\/14835"}],"collection":[{"href":"https:\/\/www.vesamgroup.com\/fr\/wp-json\/wp\/v2\/posts"}],"about":[{"href":"https:\/\/www.vesamgroup.com\/fr\/wp-json\/wp\/v2\/types\/post"}],"author":[{"embeddable":true,"href":"https:\/\/www.vesamgroup.com\/fr\/wp-json\/wp\/v2\/users\/5"}],"replies":[{"embeddable":true,"href":"https:\/\/www.vesamgroup.com\/fr\/wp-json\/wp\/v2\/comments?post=14835"}],"version-history":[{"count":8,"href":"https:\/\/www.vesamgroup.com\/fr\/wp-json\/wp\/v2\/posts\/14835\/revisions"}],"predecessor-version":[{"id":14851,"href":"https:\/\/www.vesamgroup.com\/fr\/wp-json\/wp\/v2\/posts\/14835\/revisions\/14851"}],"wp:featuredmedia":[{"embeddable":true,"href":"https:\/\/www.vesamgroup.com\/fr\/wp-json\/wp\/v2\/media\/14825"}],"wp:attachment":[{"href":"https:\/\/www.vesamgroup.com\/fr\/wp-json\/wp\/v2\/media?parent=14835"}],"wp:term":[{"taxonomy":"category","embeddable":true,"href":"https:\/\/www.vesamgroup.com\/fr\/wp-json\/wp\/v2\/categories?post=14835"},{"taxonomy":"post_tag","embeddable":true,"href":"https:\/\/www.vesamgroup.com\/fr\/wp-json\/wp\/v2\/tags?post=14835"}],"curies":[{"name":"wp","href":"https:\/\/api.w.org\/{rel}","templated":true}]}}